{"id":15082,"date":"2025-10-04T00:05:41","date_gmt":"2025-10-03T22:05:41","guid":{"rendered":"https:\/\/pasaenmendoza.com\/?p=15082"},"modified":"2025-10-04T00:05:42","modified_gmt":"2025-10-03T22:05:42","slug":"el-volcan-planchon-peteroa-de-mendoza-entro-en-actividad-y-lanza-cenizas-desde-la-madrugada","status":"publish","type":"post","link":"https:\/\/pasaenmendoza.com\/?p=15082","title":{"rendered":"El volc\u00e1n Planch\u00f3n Peteroa de Mendoza entr\u00f3 en actividad y lanza cenizas desde la madrugada"},"content":{"rendered":"\n<p>El\u00a0<strong>volc\u00e1n\u00a0Planch\u00f3n Peteroa<\/strong>\u00a0aument\u00f3 su\u00a0<strong>actividad<\/strong>\u00a0y desde el Servicio Geol\u00f3gico Minero Argentino lanzaron un alerta amarilla. Esta madrugada, las estaciones de monitoreo registraron en el complejo volc\u00e1nico una\u00a0<strong>actividad\u00a0<\/strong>superficial y\u00a0las c\u00e1maras capturaron la emisi\u00f3n de cenizas volc\u00e1nicas.<\/p>\n\n\n\n<h5 class=\"wp-block-heading\">No es nieve, son cenizas del volc\u00e1n Planch\u00f3n Peteroa.<\/h5>\n\n\n\n<h2 class=\"wp-block-heading\">El volc\u00e1n Planch\u00f3n Peteroa en alerta amarilla<\/h2>\n\n\n\n<p>El Servicio Geol\u00f3gico Minero Argentino (Segemar) a trav\u00e9s de su Observatorio Argentino de Vigilancia Volc\u00e1nica (OAVV) inform\u00f3 que esta madrugada, cerca de la 1, las estaciones de monitoreo volc\u00e1nico instaladas en las inmediaciones del complejo volc\u00e1nico Planch\u00f3n Peteroa registraron un aumento en la&nbsp;<strong>actividad<\/strong>&nbsp;superficial, caracterizado por la emisi\u00f3n de material particulado fino conocida como ceniza volc\u00e1nica.<\/p>\n\n\n\n<p>El monitoreo sismol\u00f3gico registr\u00f3 una se\u00f1al s\u00edsmica tipo tremor y aumentos transitorios de la&nbsp;<strong>actividad&nbsp;<\/strong>junto con disminuci\u00f3n de la frecuencia dominante. \u201cEstas variaciones podr\u00edan encontrarse asociadas a procesos propios de la din\u00e1mica de fluidos del sistema, y estar vinculadas a aumentos del contenido de gases y sobrepresi\u00f3n en los conductos\u201d, explicaron en el detalle del alerta.<\/p>\n\n\n\n<p>\u201cEn base a los par\u00e1metros, las caracter\u00edsticas de la se\u00f1al tipo tremor han mostrado variaciones notables desde principios de julio del corriente a\u00f1o, fecha a partir de la cual se pueden individualizar cuatro fases de\u00a0<strong>actividad<\/strong>\u201d, agregaron.<\/p>\n\n\n\n<h2 class=\"wp-block-heading\">Gases, vapor de agua y cenizas<\/h2>\n\n\n\n<p>Los especialistas detectaron en los \u00faltimos d\u00edas un aumento de la&nbsp;<strong>actividad&nbsp;<\/strong>superficial del&nbsp;<strong>volc\u00e1n<\/strong>&nbsp;Planch\u00f3n Peteroa: gases volc\u00e1nicos y vapor de agua.<\/p>\n\n\n\n<p>Desde la madrugada de hoy las c\u00e1maras ubicadas en las inmediaciones registraron la emisi\u00f3n de material particulado fino y las cenizas alcanzaron una altura m\u00e1xima de 250 metros sobre el nivel del cr\u00e1ter en direcci\u00f3n sureste.<\/p>\n\n\n\n<p>Adem\u00e1s, el monitoreo con sensores remotos registraron al menos 6 eventos de desgasificaci\u00f3n de di\u00f3xido de azufre. \u201cLas plumas de gases que alcanzaron hasta 100 km de distancia desde el cr\u00e1ter activo\u201d, detallaron los especialistas.<\/p>\n\n\n\n<p>Por otro lado, el procesamiento y an\u00e1lisis de las im\u00e1genes satelitales mostraron emisi\u00f3n de gases y vapor de agua proveniente del cr\u00e1ter, y detectaron una disminuci\u00f3n del \u00e1rea de la laguna alojada dentro del cr\u00e1ter.<\/p>\n\n\n\n<h2 class=\"wp-block-heading\">El volc\u00e1n Planch\u00f3n Peteroa<\/h2>\n\n\n\n<p>El&nbsp;<strong>volc\u00e1n Planch\u00f3n Peteroa<\/strong>&nbsp;constituye un aparato volc\u00e1nico compuesto. En los \u00faltimos 200.000 a\u00f1os aproximadamente, se registr\u00f3 la construcci\u00f3n de 3 edificios superpuestos con la consecuente migraci\u00f3n hacia el norte del conducto eruptivo.<\/p>\n\n\n\n<p>Durante su evoluci\u00f3n, se produjo el colapso de la mitad occidental del&nbsp;<strong>volc\u00e1n<\/strong>&nbsp;Planch\u00f3n Peteroa que gener\u00f3 la avalancha de rocas m\u00e1s extensa registrada en tiempos recientes a lo largo del valle del r\u00edo Claro, en Chile. Este evento catastr\u00f3fico, ocurrido hace 12.000 a\u00f1os aproximadamente, convirti\u00f3 la cumbre en un gran anfiteatro abierto hacia el oeste y piso plano. En este sector se concentr\u00f3 la&nbsp;<strong>actividad&nbsp;<\/strong>eruptiva en los \u00faltimos 10.000 a\u00f1os, que abarc\u00f3 la formaci\u00f3n de cuatro cr\u00e1teres.<\/p>\n\n\n\n<p>En tiempos hist\u00f3ricos, desde 1600 aproximadamente, las cr\u00f3nicas y documentos de archivo registran entre 15 y 20 erupciones, caracterizadas por su bajo grado de explosividad. Las mejor documentadas son aquellas ocurridas en 1991, 2010-2011 y la m\u00e1s reciente que se inici\u00f3 el 14 de diciembre de 2018.<\/p>\n\n\n\n<p><strong>Fuente: www.mdzol.com<\/strong><\/p>\n","protected":false},"excerpt":{"rendered":"<p>El\u00a0volc\u00e1n\u00a0Planch\u00f3n Peteroa\u00a0aument\u00f3 su\u00a0actividad\u00a0y desde el Servicio Geol\u00f3gico Minero Argentino lanzaron un alerta amarilla. Esta madrugada, las estaciones de monitoreo registraron en el complejo volc\u00e1nico una\u00a0actividad\u00a0superficial y\u00a0las c\u00e1maras capturaron la emisi\u00f3n de cenizas volc\u00e1nicas. No es nieve, son cenizas del volc\u00e1n Planch\u00f3n Peteroa. El volc\u00e1n Planch\u00f3n Peteroa en alerta amarilla El Servicio Geol\u00f3gico Minero Argentino (Segemar) [&hellip;]<\/p>\n","protected":false},"author":2,"featured_media":15083,"comment_status":"open","ping_status":"open","sticky":false,"template":"","format":"standard","meta":[],"categories":[50],"tags":[],"_links":{"self":[{"href":"https:\/\/pasaenmendoza.com\/index.php?rest_route=\/wp\/v2\/posts\/15082"}],"collection":[{"href":"https:\/\/pasaenmendoza.com\/index.php?rest_route=\/wp\/v2\/posts"}],"about":[{"href":"https:\/\/pasaenmendoza.com\/index.php?rest_route=\/wp\/v2\/types\/post"}],"author":[{"embeddable":true,"href":"https:\/\/pasaenmendoza.com\/index.php?rest_route=\/wp\/v2\/users\/2"}],"replies":[{"embeddable":true,"href":"https:\/\/pasaenmendoza.com\/index.php?rest_route=%2Fwp%2Fv2%2Fcomments&post=15082"}],"version-history":[{"count":1,"href":"https:\/\/pasaenmendoza.com\/index.php?rest_route=\/wp\/v2\/posts\/15082\/revisions"}],"predecessor-version":[{"id":15084,"href":"https:\/\/pasaenmendoza.com\/index.php?rest_route=\/wp\/v2\/posts\/15082\/revisions\/15084"}],"wp:featuredmedia":[{"embeddable":true,"href":"https:\/\/pasaenmendoza.com\/index.php?rest_route=\/wp\/v2\/media\/15083"}],"wp:attachment":[{"href":"https:\/\/pasaenmendoza.com\/index.php?rest_route=%2Fwp%2Fv2%2Fmedia&parent=15082"}],"wp:term":[{"taxonomy":"category","embeddable":true,"href":"https:\/\/pasaenmendoza.com\/index.php?rest_route=%2Fwp%2Fv2%2Fcategories&post=15082"},{"taxonomy":"post_tag","embeddable":true,"href":"https:\/\/pasaenmendoza.com\/index.php?rest_route=%2Fwp%2Fv2%2Ftags&post=15082"}],"curies":[{"name":"wp","href":"https:\/\/api.w.org\/{rel}","templated":true}]}}