{"id":15091,"date":"2025-10-04T00:26:20","date_gmt":"2025-10-03T22:26:20","guid":{"rendered":"https:\/\/pasaenmendoza.com\/?p=15091"},"modified":"2025-10-04T00:26:21","modified_gmt":"2025-10-03T22:26:21","slug":"cornejo-defendio-las-reformas-en-salud-pero-advirtio-sobre-el-impacto-economico-nacional","status":"publish","type":"post","link":"https:\/\/pasaenmendoza.com\/?p=15091","title":{"rendered":"Cornejo defendi\u00f3 las reformas en salud pero advirti\u00f3 sobre el impacto econ\u00f3mico nacional"},"content":{"rendered":"\n<p>El gobernador\u00a0<strong>Alfredo Cornejo<\/strong>\u00a0asegur\u00f3 que Mendoza avanza en un proceso de modernizaci\u00f3n del sistema sanitario con cambios \u201cpr\u00e1cticos y concretos\u201d que ya muestran algunos resultados. Sin embargo, reconoci\u00f3 que el escenario econ\u00f3mico nacional condiciona directamente a hospitales y centros de salud.<\/p>\n\n\n\n<p>Las declaraciones se produjeron en el marco del VI Congreso Interamericano de<strong>&nbsp;Prevenci\u00f3n Cardiovascular<\/strong>, que reuni\u00f3 a cerca de 2.000 profesionales de la salud, tanto nacionales como internacionales, en Guaymall\u00e9n.<\/p>\n\n\n\n<p>All\u00ed, Cornejo y el ministro de\u00a0<strong>Salud<\/strong>, Rodolfo Montero, coincidieron en que la clave para mejorar la calidad y reducir costos es\u00a0<strong>fortalecer la prevenci\u00f3n<\/strong>, aunque advirtieron que los desaf\u00edos todav\u00eda son grandes.<\/p>\n\n\n\n<h2 class=\"wp-block-heading\">El sistema de salud bajo la lupa<\/h2>\n\n\n\n<p>Ante 1.900 especialistas en&nbsp;<strong>salud<\/strong>, el gobernador destac\u00f3 que la provincia impulsa reformas \u201cpr\u00e1cticas y concretas\u201d, con un nivel de satisfacci\u00f3n del 85% en la atenci\u00f3n recibida. \u201cLos resultados todav\u00eda est\u00e1n en proceso y el contexto econ\u00f3mico nacional afecta de manera directa a los efectores de&nbsp;<strong>salud<\/strong>\u201d, subray\u00f3.<\/p>\n\n\n\n<p>Cornejo insisti\u00f3 en que la&nbsp;<strong>prevenci\u00f3n<\/strong>&nbsp;es uno de los pilares del sistema. Puso como ejemplo los programas de nutrici\u00f3n saludable en escuelas, que ya alcanzan a un centenar de establecimientos, y el avance de la telecardiolog\u00eda, que en 2024 super\u00f3 las 60.000 consultas. Tambi\u00e9n destac\u00f3 la mayor inscripci\u00f3n en&nbsp;<strong>residencias m\u00e9dicas<\/strong>&nbsp;de especialidades cr\u00edticas como&nbsp;<strong>medicina de familia<\/strong>, disciplina que, seg\u00fan estudios internacionales, puede prolongar en un 15% la expectativa de vida.<\/p>\n\n\n\n<h2 class=\"wp-block-heading\">Montero: \u201cLa fragmentaci\u00f3n del sistema limita la calidad\u201d<\/h2>\n\n\n\n<p>El ministro de Salud, Rodolfo Montero, advirti\u00f3 que la fragmentaci\u00f3n del sistema sanitario argentino dificulta avanzar en pol\u00edticas de calidad y prevenci\u00f3n. \u201cTenemos m\u00faltiples fuentes de financiamiento y distintos niveles de autoridad, sin un plan de beneficios expl\u00edcito que defina qu\u00e9 se cubre y c\u00f3mo\u201d, afirm\u00f3.<\/p>\n\n\n\n<p>Explic\u00f3 que los incentivos actuales priorizan la cantidad de prestaciones por sobre la calidad, y sostuvo que es necesario reformularlos para que el&nbsp;<strong>sistema&nbsp;<\/strong>trabaje en base a<strong>&nbsp;resultados sanitarios<\/strong>. En cuanto a los indicadores provinciales, se\u00f1al\u00f3 que la cobertura de inmunizaci\u00f3n se ubica en el 85% \u2014cuando la meta es el 95%\u2014 y que el 98,5% de quienes intentaron acceder al sistema en los \u00faltimos seis meses lo lograron, aunque reconoci\u00f3 que todav\u00eda falta garantizar calidad y oportunidad en la atenci\u00f3n.<\/p>\n\n\n\n<p>El ministro valor\u00f3 el proceso de\u00a0<strong>reformas<\/strong>\u00a0impulsado en Mendoza, que incluy\u00f3 140 medidas y 28 leyes en el \u00faltimo a\u00f1o. Destac\u00f3 la importancia de incorporar tecnolog\u00eda, fortalecer bases de datos y consolidar programas de\u00a0<strong>prevenci\u00f3n<\/strong>, como el de Escuelas Promotoras de Salud.<\/p>\n\n\n\n<h2 class=\"wp-block-heading\">Un congreso de prevenci\u00f3n cardiovascular<\/h2>\n\n\n\n<p>El VI Congreso Interamericano de Prevenci\u00f3n Cardiovascular se desarroll\u00f3 en el Hotel Hilton de Guaymall\u00e9n con m\u00e1s de 1.900 inscriptos, en paralelo con otras instancias acad\u00e9micas. All\u00ed, referentes nacionales e internacionales abordaron temas vinculados a factores de riesgo, innovaci\u00f3n tecnol\u00f3gica y estrategias de prevenci\u00f3n.<\/p>\n\n\n\n<p>En ese contexto,\u00a0<strong>Cornejo<\/strong>\u00a0y Montero coincidieron en que el futuro del sistema de salud depender\u00e1 de sostener reformas que prioricen la calidad y la prevenci\u00f3n, en un escenario nacional que sigue siendo desafiante para las provincias.<\/p>\n\n\n\n<p><strong>Fuente: www.diariouno.com.ar<\/strong><\/p>\n","protected":false},"excerpt":{"rendered":"<p>El gobernador\u00a0Alfredo Cornejo\u00a0asegur\u00f3 que Mendoza avanza en un proceso de modernizaci\u00f3n del sistema sanitario con cambios \u201cpr\u00e1cticos y concretos\u201d que ya muestran algunos resultados. Sin embargo, reconoci\u00f3 que el escenario econ\u00f3mico nacional condiciona directamente a hospitales y centros de salud. Las declaraciones se produjeron en el marco del VI Congreso Interamericano de&nbsp;Prevenci\u00f3n Cardiovascular, que reuni\u00f3 [&hellip;]<\/p>\n","protected":false},"author":2,"featured_media":15092,"comment_status":"open","ping_status":"open","sticky":false,"template":"","format":"standard","meta":[],"categories":[47],"tags":[],"_links":{"self":[{"href":"https:\/\/pasaenmendoza.com\/index.php?rest_route=\/wp\/v2\/posts\/15091"}],"collection":[{"href":"https:\/\/pasaenmendoza.com\/index.php?rest_route=\/wp\/v2\/posts"}],"about":[{"href":"https:\/\/pasaenmendoza.com\/index.php?rest_route=\/wp\/v2\/types\/post"}],"author":[{"embeddable":true,"href":"https:\/\/pasaenmendoza.com\/index.php?rest_route=\/wp\/v2\/users\/2"}],"replies":[{"embeddable":true,"href":"https:\/\/pasaenmendoza.com\/index.php?rest_route=%2Fwp%2Fv2%2Fcomments&post=15091"}],"version-history":[{"count":1,"href":"https:\/\/pasaenmendoza.com\/index.php?rest_route=\/wp\/v2\/posts\/15091\/revisions"}],"predecessor-version":[{"id":15093,"href":"https:\/\/pasaenmendoza.com\/index.php?rest_route=\/wp\/v2\/posts\/15091\/revisions\/15093"}],"wp:featuredmedia":[{"embeddable":true,"href":"https:\/\/pasaenmendoza.com\/index.php?rest_route=\/wp\/v2\/media\/15092"}],"wp:attachment":[{"href":"https:\/\/pasaenmendoza.com\/index.php?rest_route=%2Fwp%2Fv2%2Fmedia&parent=15091"}],"wp:term":[{"taxonomy":"category","embeddable":true,"href":"https:\/\/pasaenmendoza.com\/index.php?rest_route=%2Fwp%2Fv2%2Fcategories&post=15091"},{"taxonomy":"post_tag","embeddable":true,"href":"https:\/\/pasaenmendoza.com\/index.php?rest_route=%2Fwp%2Fv2%2Ftags&post=15091"}],"curies":[{"name":"wp","href":"https:\/\/api.w.org\/{rel}","templated":true}]}}