{"id":15101,"date":"2025-10-06T15:54:08","date_gmt":"2025-10-06T13:54:08","guid":{"rendered":"https:\/\/pasaenmendoza.com\/?p=15101"},"modified":"2025-10-06T15:54:09","modified_gmt":"2025-10-06T13:54:09","slug":"vidal-se-adelanta-a-milei-y-llega-a-mendoza-este-lunes","status":"publish","type":"post","link":"https:\/\/pasaenmendoza.com\/?p=15101","title":{"rendered":"Vidal se adelanta a Milei y llega a Mendoza este lunes"},"content":{"rendered":"\n<p><strong>La presidenta de la Fundaci\u00f3n Pensar Argentina<\/strong>&nbsp;y diputada nacional,&nbsp;<strong>Mar\u00eda Eugenia Vidal<\/strong>, ofrecer\u00e1 una conferencia de prensa este&nbsp;<strong>lunes 6 de octubre. De esta manera se adelanta a una semana cargada de visitas de figuras pol\u00edticas a nivel nacional como la del presidente Javier Milei este jueves en el contexto de las elecciones legislativas del 26 de octubre.&nbsp;<\/strong><\/p>\n\n\n\n<p><strong>Ser\u00e1 a las 11:30<\/strong>&nbsp;en la sede de la&nbsp;<strong>Fundaci\u00f3n Pensar Mendoza<\/strong>, ubicada en&nbsp;<strong>Avenida Espa\u00f1a 1039, Ciudad de Mendoza<\/strong>.<\/p>\n\n\n\n<p>Durante el encuentro, Vidal abordar\u00e1 temas vinculados con la actualidad pol\u00edtica nacional y el trabajo que impulsa la Fundaci\u00f3n Pensar como espacio de elaboraci\u00f3n de pol\u00edticas p\u00fablicas en todo el pa\u00eds.\u00a0<\/p>\n\n\n\n<p>La actividad forma parte de la agenda institucional que la referente del PRO desarrolla en las distintas provincias.<\/p>\n\n\n\n<p>La conferencia es abierta a los medios de comunicaci\u00f3n y contar\u00e1 con la presencia de autoridades locales y dirigentes de la Fundaci\u00f3n Pensar Mendoza.<\/p>\n\n\n\n<p><strong>Fuente: www.mendozapost.com<\/strong><\/p>\n","protected":false},"excerpt":{"rendered":"<p>La presidenta de la Fundaci\u00f3n Pensar Argentina&nbsp;y diputada nacional,&nbsp;Mar\u00eda Eugenia Vidal, ofrecer\u00e1 una conferencia de prensa este&nbsp;lunes 6 de octubre. De esta manera se adelanta a una semana cargada de visitas de figuras pol\u00edticas a nivel nacional como la del presidente Javier Milei este jueves en el contexto de las elecciones legislativas del 26 de [&hellip;]<\/p>\n","protected":false},"author":2,"featured_media":15102,"comment_status":"open","ping_status":"open","sticky":false,"template":"","format":"standard","meta":[],"categories":[47],"tags":[],"_links":{"self":[{"href":"https:\/\/pasaenmendoza.com\/index.php?rest_route=\/wp\/v2\/posts\/15101"}],"collection":[{"href":"https:\/\/pasaenmendoza.com\/index.php?rest_route=\/wp\/v2\/posts"}],"about":[{"href":"https:\/\/pasaenmendoza.com\/index.php?rest_route=\/wp\/v2\/types\/post"}],"author":[{"embeddable":true,"href":"https:\/\/pasaenmendoza.com\/index.php?rest_route=\/wp\/v2\/users\/2"}],"replies":[{"embeddable":true,"href":"https:\/\/pasaenmendoza.com\/index.php?rest_route=%2Fwp%2Fv2%2Fcomments&post=15101"}],"version-history":[{"count":1,"href":"https:\/\/pasaenmendoza.com\/index.php?rest_route=\/wp\/v2\/posts\/15101\/revisions"}],"predecessor-version":[{"id":15103,"href":"https:\/\/pasaenmendoza.com\/index.php?rest_route=\/wp\/v2\/posts\/15101\/revisions\/15103"}],"wp:featuredmedia":[{"embeddable":true,"href":"https:\/\/pasaenmendoza.com\/index.php?rest_route=\/wp\/v2\/media\/15102"}],"wp:attachment":[{"href":"https:\/\/pasaenmendoza.com\/index.php?rest_route=%2Fwp%2Fv2%2Fmedia&parent=15101"}],"wp:term":[{"taxonomy":"category","embeddable":true,"href":"https:\/\/pasaenmendoza.com\/index.php?rest_route=%2Fwp%2Fv2%2Fcategories&post=15101"},{"taxonomy":"post_tag","embeddable":true,"href":"https:\/\/pasaenmendoza.com\/index.php?rest_route=%2Fwp%2Fv2%2Ftags&post=15101"}],"curies":[{"name":"wp","href":"https:\/\/api.w.org\/{rel}","templated":true}]}}