{"id":15110,"date":"2025-10-06T21:35:23","date_gmt":"2025-10-06T19:35:23","guid":{"rendered":"https:\/\/pasaenmendoza.com\/?p=15110"},"modified":"2025-10-06T21:35:24","modified_gmt":"2025-10-06T19:35:24","slug":"crece-la-demanda-de-salud-mental-en-los-adolescentes-mendocinos","status":"publish","type":"post","link":"https:\/\/pasaenmendoza.com\/?p=15110","title":{"rendered":"Crece la demanda de salud mental en los adolescentes mendocinos"},"content":{"rendered":"\n<p>El&nbsp;<strong>suicidio adolescente<\/strong>&nbsp;se consolida como un problema de salud p\u00fablica en Mendoza. Seg\u00fan informes oficiales, en Argentina es la principal causa de muerte en mujeres adolescentes de 10 a 19 a\u00f1os, superando tumores y accidentes. En la provincia, hasta junio de 2025 se notificaron 698 intentos de suicidio, concentrados principalmente en j\u00f3venes de 15 a 19 a\u00f1os.<\/p>\n\n\n\n<p>El fen\u00f3meno no distingue edades: se registran\u00a0casos desde los 5 a\u00f1os.<\/p>\n\n\n\n<h3 class=\"wp-block-heading\"><strong>Incremento en la demanda de salud mental<\/strong><\/h3>\n\n\n\n<p>En los hospitales de Mendoza, la demanda de consultas en salud mental ha crecido de manera significativa, alcanzando niveles similares a especialidades altamente solicitadas. Muchos pacientes llegan a guardias y deben ser evaluados para determinar si requieren internaci\u00f3n o tratamiento ambulatorio.<\/p>\n\n\n\n<p>Se observa preocupaci\u00f3n por los intentos de autolesi\u00f3n y suicidio en pediatr\u00eda, as\u00ed como por los casos relacionados con bullying,\u00a0ciberacoso y situaciones escolares.<\/p>\n\n\n\n<h3 class=\"wp-block-heading\"><strong>Impacto de los casos medi\u00e1ticos<\/strong><\/h3>\n\n\n\n<p>Recientes episodios en escuelas, donde adolescentes llevaron armas o generaron situaciones de alarma, aumentaron las consultas en salud mental y activaron protocolos de seguridad en entornos escolares y familiares.<\/p>\n\n\n\n<p>Adem\u00e1s, las problem\u00e1ticas actuales de los j\u00f3venes est\u00e1n vinculadas con el entorno digital, consumo de sustancias y violencia intrafamiliar.<\/p>\n\n\n\n<h3 class=\"wp-block-heading\"><strong>Se\u00f1ales de alerta<\/strong><\/h3>\n\n\n\n<p>Se recomienda prestar atenci\u00f3n a\u00a0comportamientos recurrentes como:<\/p>\n\n\n\n<p>Expresiones de deseo de no vivir<\/p>\n\n\n\n<p>Cambios en la conducta habitual<\/p>\n\n\n\n<p>Aislamiento social<\/p>\n\n\n\n<p>Alteraciones en el patr\u00f3n de sue\u00f1o<\/p>\n\n\n\n<p>Los patrones persistentes o cambios significativos en la conducta merecen atenci\u00f3n profesional inmediata.<\/p>\n\n\n\n<h3 class=\"wp-block-heading\"><strong>Datos oficiales en Mendoza<\/strong><\/h3>\n\n\n\n<p>Intentos de suicidio hasta junio 2025: 698<\/p>\n\n\n\n<p>Distribuci\u00f3n por sexo: 64% mujeres, 35% varones<\/p>\n\n\n\n<p>Franja etaria m\u00e1s afectada: 10 a 34 a\u00f1os (mayor concentraci\u00f3n entre 15 y 19 a\u00f1os)<\/p>\n\n\n\n<p>Departamentos con mayor tasa: Malarg\u00fce, General Alvear y Las Heras<\/p>\n\n\n\n<h3 class=\"wp-block-heading\"><strong>L\u00edneas de asistencia<\/strong><\/h3>\n\n\n\n<p>Centro de Asistencia al Suicida y Atenci\u00f3n en Crisis: 0800 8000 135 \/ WhatsApp (+549) 261 557 03 14<\/p>\n\n\n\n<p>Provincia de Mendoza: l\u00ednea 148, opci\u00f3n 0, de lunes a viernes, de 8 a 20 horas<\/p>\n\n\n\n<p><strong>Fuente: www.diariomendoza.com.ar<\/strong><\/p>\n","protected":false},"excerpt":{"rendered":"<p>El&nbsp;suicidio adolescente&nbsp;se consolida como un problema de salud p\u00fablica en Mendoza. Seg\u00fan informes oficiales, en Argentina es la principal causa de muerte en mujeres adolescentes de 10 a 19 a\u00f1os, superando tumores y accidentes. En la provincia, hasta junio de 2025 se notificaron 698 intentos de suicidio, concentrados principalmente en j\u00f3venes de 15 a 19 [&hellip;]<\/p>\n","protected":false},"author":2,"featured_media":15111,"comment_status":"open","ping_status":"open","sticky":false,"template":"","format":"standard","meta":[],"categories":[58],"tags":[],"_links":{"self":[{"href":"https:\/\/pasaenmendoza.com\/index.php?rest_route=\/wp\/v2\/posts\/15110"}],"collection":[{"href":"https:\/\/pasaenmendoza.com\/index.php?rest_route=\/wp\/v2\/posts"}],"about":[{"href":"https:\/\/pasaenmendoza.com\/index.php?rest_route=\/wp\/v2\/types\/post"}],"author":[{"embeddable":true,"href":"https:\/\/pasaenmendoza.com\/index.php?rest_route=\/wp\/v2\/users\/2"}],"replies":[{"embeddable":true,"href":"https:\/\/pasaenmendoza.com\/index.php?rest_route=%2Fwp%2Fv2%2Fcomments&post=15110"}],"version-history":[{"count":1,"href":"https:\/\/pasaenmendoza.com\/index.php?rest_route=\/wp\/v2\/posts\/15110\/revisions"}],"predecessor-version":[{"id":15112,"href":"https:\/\/pasaenmendoza.com\/index.php?rest_route=\/wp\/v2\/posts\/15110\/revisions\/15112"}],"wp:featuredmedia":[{"embeddable":true,"href":"https:\/\/pasaenmendoza.com\/index.php?rest_route=\/wp\/v2\/media\/15111"}],"wp:attachment":[{"href":"https:\/\/pasaenmendoza.com\/index.php?rest_route=%2Fwp%2Fv2%2Fmedia&parent=15110"}],"wp:term":[{"taxonomy":"category","embeddable":true,"href":"https:\/\/pasaenmendoza.com\/index.php?rest_route=%2Fwp%2Fv2%2Fcategories&post=15110"},{"taxonomy":"post_tag","embeddable":true,"href":"https:\/\/pasaenmendoza.com\/index.php?rest_route=%2Fwp%2Fv2%2Ftags&post=15110"}],"curies":[{"name":"wp","href":"https:\/\/api.w.org\/{rel}","templated":true}]}}