{"id":15116,"date":"2025-10-06T21:42:59","date_gmt":"2025-10-06T19:42:59","guid":{"rendered":"https:\/\/pasaenmendoza.com\/?p=15116"},"modified":"2025-10-06T21:43:00","modified_gmt":"2025-10-06T19:43:00","slug":"con-una-inversion-millonaria-lujan-de-cuyo-sumara-otro-puente-sobre-el-rio-mendoza","status":"publish","type":"post","link":"https:\/\/pasaenmendoza.com\/?p=15116","title":{"rendered":"Con una inversi\u00f3n millonaria, Luj\u00e1n de Cuyo sumar\u00e1 otro puente sobre el R\u00edo Mendoza"},"content":{"rendered":"\n<p>El Gobierno de Mendoza, encabezado por Alfredo Cornejo, formaliz\u00f3 la\u00a0<strong>construcci\u00f3n\u00a0de un nuevo\u00a0puente<\/strong>\u00a0sobre el R\u00edo Mendoza, en el departamento de\u00a0<strong>Luj\u00e1n de Cuyo.<\/strong>\u00a0La medida fue ratificada mediante el decreto 2082, publicado este lunes en el Bolet\u00edn Oficial, y establece una\u00a0<strong>inversi\u00f3n superior a los $1.200 millones provenientes del Fondo por Resarcimiento.<\/strong><\/p>\n\n\n\n<p>La\u00a0<strong>obra<\/strong>, considerada clave para\u00a0<strong>mejorar la conectividad y la seguridad vial\u00a0<\/strong>en la zona, estar\u00e1 a cargo de la\u00a0Direcci\u00f3n Provincial de Vialidad\u00a0y contar\u00e1 con la supervisi\u00f3n de la Subsecretar\u00eda de Infraestructura y Desarrollo Territorial.<\/p>\n\n\n\n<h4 class=\"wp-block-heading\"><strong>Los detalles del convenio<\/strong><\/h4>\n\n\n\n<p>El proyecto tendr\u00e1 un plazo de ejecuci\u00f3n de 540 d\u00edas corridos, contados desde la entrega del anticipo financiero. Cualquier modificaci\u00f3n en plazos o condiciones deber\u00e1 ser previamente aprobada por la Subsecretar\u00eda de Infraestructura, que actuar\u00e1 como autoridad de aplicaci\u00f3n y ser\u00e1 responsable de coordinar y evaluar los informes de avance.<\/p>\n\n\n\n<p>La Mendoza Fiduciaria S.A. cumplir\u00e1 el rol de administradora del fideicomiso, liberando los fondos seg\u00fan el cronograma establecido y verificando las rendiciones de la Direcci\u00f3n Provincial de Vialidad.<\/p>\n\n\n\n<p>El texto oficial tambi\u00e9n especifica los mecanismos de control y auditor\u00eda, que contemplan el seguimiento t\u00e9cnico y financiero, la presentaci\u00f3n de informes peri\u00f3dicos y la posibilidad de inspecciones en distintas etapas del proceso constructivo.<\/p>\n\n\n\n<p>Los criterios definidos para la obra incluyen el impacto territorial, la cantidad de beneficiarios, la sostenibilidad del proyecto y la garant\u00eda de su funcionalidad a largo plazo, asegurando as\u00ed su viabilidad econ\u00f3mica y social.<\/p>\n\n\n\n<p><strong>Fuente: www.diariomendoza.com.ar<\/strong><a href=\"https:\/\/www.diariomendoza.com.ar\/mendoza\/comienza-vinexpo-explorer-provincia-consolida-como-capital-internacional-vino-n125106\"><\/a><\/p>\n","protected":false},"excerpt":{"rendered":"<p>El Gobierno de Mendoza, encabezado por Alfredo Cornejo, formaliz\u00f3 la\u00a0construcci\u00f3n\u00a0de un nuevo\u00a0puente\u00a0sobre el R\u00edo Mendoza, en el departamento de\u00a0Luj\u00e1n de Cuyo.\u00a0La medida fue ratificada mediante el decreto 2082, publicado este lunes en el Bolet\u00edn Oficial, y establece una\u00a0inversi\u00f3n superior a los $1.200 millones provenientes del Fondo por Resarcimiento. La\u00a0obra, considerada clave para\u00a0mejorar la conectividad y [&hellip;]<\/p>\n","protected":false},"author":2,"featured_media":15117,"comment_status":"open","ping_status":"open","sticky":false,"template":"","format":"standard","meta":[],"categories":[111],"tags":[],"_links":{"self":[{"href":"https:\/\/pasaenmendoza.com\/index.php?rest_route=\/wp\/v2\/posts\/15116"}],"collection":[{"href":"https:\/\/pasaenmendoza.com\/index.php?rest_route=\/wp\/v2\/posts"}],"about":[{"href":"https:\/\/pasaenmendoza.com\/index.php?rest_route=\/wp\/v2\/types\/post"}],"author":[{"embeddable":true,"href":"https:\/\/pasaenmendoza.com\/index.php?rest_route=\/wp\/v2\/users\/2"}],"replies":[{"embeddable":true,"href":"https:\/\/pasaenmendoza.com\/index.php?rest_route=%2Fwp%2Fv2%2Fcomments&post=15116"}],"version-history":[{"count":1,"href":"https:\/\/pasaenmendoza.com\/index.php?rest_route=\/wp\/v2\/posts\/15116\/revisions"}],"predecessor-version":[{"id":15118,"href":"https:\/\/pasaenmendoza.com\/index.php?rest_route=\/wp\/v2\/posts\/15116\/revisions\/15118"}],"wp:featuredmedia":[{"embeddable":true,"href":"https:\/\/pasaenmendoza.com\/index.php?rest_route=\/wp\/v2\/media\/15117"}],"wp:attachment":[{"href":"https:\/\/pasaenmendoza.com\/index.php?rest_route=%2Fwp%2Fv2%2Fmedia&parent=15116"}],"wp:term":[{"taxonomy":"category","embeddable":true,"href":"https:\/\/pasaenmendoza.com\/index.php?rest_route=%2Fwp%2Fv2%2Fcategories&post=15116"},{"taxonomy":"post_tag","embeddable":true,"href":"https:\/\/pasaenmendoza.com\/index.php?rest_route=%2Fwp%2Fv2%2Ftags&post=15116"}],"curies":[{"name":"wp","href":"https:\/\/api.w.org\/{rel}","templated":true}]}}