{"id":15119,"date":"2025-10-07T16:20:45","date_gmt":"2025-10-07T14:20:45","guid":{"rendered":"https:\/\/pasaenmendoza.com\/?p=15119"},"modified":"2025-10-07T16:20:46","modified_gmt":"2025-10-07T14:20:46","slug":"el-tiempo-en-mendoza-martes-agradable-y-calido","status":"publish","type":"post","link":"https:\/\/pasaenmendoza.com\/?p=15119","title":{"rendered":"El tiempo en Mendoza: martes agradable y c\u00e1lido"},"content":{"rendered":"\n<p>La temperatura m\u00e1xima para este martes ser\u00e1 de 25 grados cent\u00edgrados, mientras que la m\u00ednima ser\u00e1 de 9 grados cent\u00edgrados.<\/p>\n\n\n\n<p>El pron\u00f3stico indica que habr\u00e1 poca nubosidad con ascenso de la temperatura. Heladas parciales matinales.<\/p>\n\n\n\n<p>Circulaci\u00f3n de viento leve de norte a sur, desde media ma\u00f1ana hasta las 23 en toda la provincia.<\/p>\n\n\n\n<p>El tiempo en alta monta\u00f1a: poca nubosidad. Seminublado en sector Sur, sin precipitaciones.<\/p>\n\n\n\n<p><strong>Fuente: www.elsol.com.ar<\/strong><\/p>\n","protected":false},"excerpt":{"rendered":"<p>La temperatura m\u00e1xima para este martes ser\u00e1 de 25 grados cent\u00edgrados, mientras que la m\u00ednima ser\u00e1 de 9 grados cent\u00edgrados. El pron\u00f3stico indica que habr\u00e1 poca nubosidad con ascenso de la temperatura. Heladas parciales matinales. Circulaci\u00f3n de viento leve de norte a sur, desde media ma\u00f1ana hasta las 23 en toda la provincia. El tiempo [&hellip;]<\/p>\n","protected":false},"author":2,"featured_media":15120,"comment_status":"open","ping_status":"open","sticky":false,"template":"","format":"standard","meta":[],"categories":[52],"tags":[],"_links":{"self":[{"href":"https:\/\/pasaenmendoza.com\/index.php?rest_route=\/wp\/v2\/posts\/15119"}],"collection":[{"href":"https:\/\/pasaenmendoza.com\/index.php?rest_route=\/wp\/v2\/posts"}],"about":[{"href":"https:\/\/pasaenmendoza.com\/index.php?rest_route=\/wp\/v2\/types\/post"}],"author":[{"embeddable":true,"href":"https:\/\/pasaenmendoza.com\/index.php?rest_route=\/wp\/v2\/users\/2"}],"replies":[{"embeddable":true,"href":"https:\/\/pasaenmendoza.com\/index.php?rest_route=%2Fwp%2Fv2%2Fcomments&post=15119"}],"version-history":[{"count":1,"href":"https:\/\/pasaenmendoza.com\/index.php?rest_route=\/wp\/v2\/posts\/15119\/revisions"}],"predecessor-version":[{"id":15121,"href":"https:\/\/pasaenmendoza.com\/index.php?rest_route=\/wp\/v2\/posts\/15119\/revisions\/15121"}],"wp:featuredmedia":[{"embeddable":true,"href":"https:\/\/pasaenmendoza.com\/index.php?rest_route=\/wp\/v2\/media\/15120"}],"wp:attachment":[{"href":"https:\/\/pasaenmendoza.com\/index.php?rest_route=%2Fwp%2Fv2%2Fmedia&parent=15119"}],"wp:term":[{"taxonomy":"category","embeddable":true,"href":"https:\/\/pasaenmendoza.com\/index.php?rest_route=%2Fwp%2Fv2%2Fcategories&post=15119"},{"taxonomy":"post_tag","embeddable":true,"href":"https:\/\/pasaenmendoza.com\/index.php?rest_route=%2Fwp%2Fv2%2Ftags&post=15119"}],"curies":[{"name":"wp","href":"https:\/\/api.w.org\/{rel}","templated":true}]}}