{"id":1512,"date":"2023-09-18T14:17:33","date_gmt":"2023-09-18T12:17:33","guid":{"rendered":"https:\/\/pasaenmendoza.com\/?p=1512"},"modified":"2023-09-18T14:17:34","modified_gmt":"2023-09-18T12:17:34","slug":"cornejo-quiero-un-estado-chico","status":"publish","type":"post","link":"https:\/\/pasaenmendoza.com\/?p=1512","title":{"rendered":"Cornejo: &#8220;Quiero un Estado chico&#8221;"},"content":{"rendered":"\n<p>El candidato a gobernador se reuni\u00f3 con empresarios de la C\u00e1mara Argentina de la Construcci\u00f3n y habl\u00f3 de los planes para el sector privado.<\/p>\n\n\n\n<p>El candidato a la gobernaci\u00f3n de Mendoza,\u00a0<strong>Alfredo Cornejo,\u00a0<\/strong>mantuvo un encuentro con referentes de\u00a0<strong>la delegaci\u00f3n Mendoza de la C\u00e1mara Argentina de la Construcci\u00f3n,<\/strong>\u00a0oportunidad en la que intercambiaron propuestas y opiniones relacionadas con el sector y las proyecciones para los pr\u00f3ximos cuatro a\u00f1os.<\/p>\n\n\n\n<p>En ese marco, el candidato de Cambia Mendoza dijo que aspira a<strong>\u00a0&#8220;un Estado chico, inteligente y que los privados hagan las cosas&#8221;<\/strong>, pero trabajando de forma conjunta &#8220;para lograr un plan de obra sostenido y aut\u00f3nomo de la Naci\u00f3n&#8221;.<\/p>\n\n\n\n<p>Tras afirmar que eso es posible porque &#8220;estamos en mejores condiciones que hace diez a\u00f1os&#8221;, record\u00f3 que la herramienta de pol\u00edtica econ\u00f3mica provincial es el Presupuesto, y que &#8220;manejarlo equilibradamente, requiere liderazgo&#8221;. En esa l\u00ednea, sostuvo que en los cuatro a\u00f1os en los que fue gobernador, tres de los cuales, con recesi\u00f3n econ\u00f3mica, &#8220;se utiliz\u00f3 bien esa herramienta, lo que permiti\u00f3 finalizar el mandato con\u00a0<strong>un porcentaje de obra efectivamente ejecutada en m\u00e1s del 12% y terminamos con 7000 empleados p\u00fablicos menos<\/strong>&#8220;, a diferencia de &#8220;otras provincias donde la propensi\u00f3n a hacer pol\u00edtica con el empleo p\u00fablico es tremenda&#8221;.<\/p>\n\n\n\n<p>Desde la sede de la entidad en calle Patricias Mendocinas, Cornejo expres\u00f3 que &#8220;nuestro plan es que las obras agreguen valor a la econom\u00eda&#8221; local, como por ejemplo, &#8220;obras para preservar y optimizar el agua, porque hay cambie clim\u00e1tico, pero tambi\u00e9n aprovecharla para hacer crecer la econom\u00eda. Y esto no puede estar ajeno a medir el consumo de agua agr\u00edcola, industrial y el domiciliario. Estamos lej\u00edsimos de que esas mediciones sean masivas. Tenemos una gran oportunidad de invertir en obras de ese tipo&#8221;.<\/p>\n\n\n\n<p>En otro orden, se abordaron temas como los avances en las rutas nacionales, hidrocarburos y vivienda social, aspecto sobre el que indic\u00f3 que &#8220;creo que el esquema al que debemos ir con un cambio de orientaci\u00f3n econ\u00f3mica, es a una alianza p\u00fablico privada donde el IPV act\u00fae m\u00e1s como financista que como constructor. Pero tiene que bajar la inflaci\u00f3n y tiene que haber cr\u00e9dito hipotecario, y en \u00e9l, nosotros subsidiar la tasa&#8221;.<\/p>\n\n\n\n<p>&#8220;Hay muchas cosas por hacer en el manejo del Estado, y eso redunda indirectamente en mayor inversi\u00f3n p\u00fablica&#8221;, acot\u00f3 el ex mandatario quien adem\u00e1s afirm\u00f3 que &#8220;mi experiencia de administraci\u00f3n en un contexto recesivo, da garant\u00edas&#8221;.<\/p>\n\n\n\n<p>Otro punto que se plante\u00f3 fue el de la miner\u00eda. En ese sentido, sostuvo que &#8220;si funciona lo de Potasio, no es lo mismo que si no funciona. Lo mismo con Hierro Indio. Luego vendr\u00e1 la declaraci\u00f3n de impacto ambiental de exploraci\u00f3n, y que esos casos testigos generen un clima de entendimiento en la sociedad como para avanzar en proyectos m\u00e1s grandes&#8221;, dentro de la legislaci\u00f3n vigente.<\/p>\n\n\n\n<p>Por otra parte, sobre el \u00e1mbito nacional, consider\u00f3 que &#8220;hay en el pa\u00eds una demanda fuerte de cambio en la orientaci\u00f3n econ\u00f3mica. Es un proceso que viene incub\u00e1ndose desde hace unos a\u00f1os, donde ya el modelo econ\u00f3mico s\u00faper centrado en el papel del Estado se va agotando. Eso es positivo, porque lo demanda la sociedad. Cualquiera que gane a nivel nacional va a tener un mandato de cambio&#8221;.<\/p>\n\n\n\n<p>No obstante, agreg\u00f3 que &#8220;esos cambios requieren gobernabilidad, poder pol\u00edtico, y en ese sentido, el que gane necesitar\u00e1 armar un esquema de gobernabilidad. Y ah\u00ed veo un papel importante de las 7 u 8 provincias m\u00e1s relevantes, de econom\u00edas m\u00e1s fuertes, para garantizar esa gobernabilidad&#8221;.<\/p>\n\n\n\n<p>&#8220;Con esa orientaci\u00f3n y pasando ese 2024 que ser\u00e1 duro, creo que hay oportunidades importantes para Mendoza&#8221;, en actividades como la producci\u00f3n de alimentos, energ\u00eda y turismo, cerr\u00f3.<\/p>\n\n\n\n<p>FUENTE: memo.com.ar<\/p>\n","protected":false},"excerpt":{"rendered":"<p>El candidato a gobernador se reuni\u00f3 con empresarios de la C\u00e1mara Argentina de la Construcci\u00f3n y habl\u00f3 de los planes para el sector privado. El candidato a la gobernaci\u00f3n de Mendoza,\u00a0Alfredo Cornejo,\u00a0mantuvo un encuentro con referentes de\u00a0la delegaci\u00f3n Mendoza de la C\u00e1mara Argentina de la Construcci\u00f3n,\u00a0oportunidad en la que intercambiaron propuestas y opiniones relacionadas con [&hellip;]<\/p>\n","protected":false},"author":2,"featured_media":1513,"comment_status":"open","ping_status":"open","sticky":true,"template":"","format":"standard","meta":[],"categories":[47],"tags":[],"_links":{"self":[{"href":"https:\/\/pasaenmendoza.com\/index.php?rest_route=\/wp\/v2\/posts\/1512"}],"collection":[{"href":"https:\/\/pasaenmendoza.com\/index.php?rest_route=\/wp\/v2\/posts"}],"about":[{"href":"https:\/\/pasaenmendoza.com\/index.php?rest_route=\/wp\/v2\/types\/post"}],"author":[{"embeddable":true,"href":"https:\/\/pasaenmendoza.com\/index.php?rest_route=\/wp\/v2\/users\/2"}],"replies":[{"embeddable":true,"href":"https:\/\/pasaenmendoza.com\/index.php?rest_route=%2Fwp%2Fv2%2Fcomments&post=1512"}],"version-history":[{"count":1,"href":"https:\/\/pasaenmendoza.com\/index.php?rest_route=\/wp\/v2\/posts\/1512\/revisions"}],"predecessor-version":[{"id":1514,"href":"https:\/\/pasaenmendoza.com\/index.php?rest_route=\/wp\/v2\/posts\/1512\/revisions\/1514"}],"wp:featuredmedia":[{"embeddable":true,"href":"https:\/\/pasaenmendoza.com\/index.php?rest_route=\/wp\/v2\/media\/1513"}],"wp:attachment":[{"href":"https:\/\/pasaenmendoza.com\/index.php?rest_route=%2Fwp%2Fv2%2Fmedia&parent=1512"}],"wp:term":[{"taxonomy":"category","embeddable":true,"href":"https:\/\/pasaenmendoza.com\/index.php?rest_route=%2Fwp%2Fv2%2Fcategories&post=1512"},{"taxonomy":"post_tag","embeddable":true,"href":"https:\/\/pasaenmendoza.com\/index.php?rest_route=%2Fwp%2Fv2%2Ftags&post=1512"}],"curies":[{"name":"wp","href":"https:\/\/api.w.org\/{rel}","templated":true}]}}