{"id":15125,"date":"2025-10-07T16:31:58","date_gmt":"2025-10-07T14:31:58","guid":{"rendered":"https:\/\/pasaenmendoza.com\/?p=15125"},"modified":"2025-10-07T16:31:59","modified_gmt":"2025-10-07T14:31:59","slug":"taxis-y-remises-de-mendoza-deberan-tener-camaras-y-boton-antipanico","status":"publish","type":"post","link":"https:\/\/pasaenmendoza.com\/?p=15125","title":{"rendered":"Taxis y remises de Mendoza deber\u00e1n tener c\u00e1maras y bot\u00f3n antip\u00e1nico"},"content":{"rendered":"\n<p>La&nbsp;<strong>Subsecretar\u00eda de Transporte<\/strong>, bajo la direcci\u00f3n de&nbsp;<strong>Luis Borrego<\/strong>, oficializ\u00f3 este martes una resoluci\u00f3n que impone la<strong>&nbsp;instalaci\u00f3n obligatoria de c\u00e1maras de videovigilancia y botones de p\u00e1nico en<\/strong>&nbsp;<strong>todos los taxis y remises habilitados<\/strong>&nbsp;en la provincia. El objetivo es&nbsp;<strong>reforzar la seguridad de choferes y pasajeros<\/strong>&nbsp;mediante una red de monitoreo en&nbsp;<strong>tiempo real<\/strong>, vinculada directamente con el sistema de emergencias&nbsp;<em>911<\/em>.<\/p>\n\n\n\n<p>La&nbsp;<strong>Resoluci\u00f3n&nbsp;<em>N\u00b0 947<\/em><\/strong>, firmada el 11 de julio y publicada hoy en el Bolet\u00edn Oficial, otorga un&nbsp;<strong>plazo m\u00e1ximo de 90 d\u00edas<\/strong>&nbsp;a los permisionarios para adecuar sus unidades a los nuevos requisitos.<\/p>\n\n\n\n<p>Seg\u00fan la normativa, los veh\u00edculos deber\u00e1n contar con:<\/p>\n\n\n\n<p><strong>*C\u00e1maras activas en tiempo real.<\/strong><\/p>\n\n\n\n<p><strong>*Botones de alerta<\/strong>&nbsp;conectados al sistema centralizado 911.<\/p>\n\n\n\n<p><strong>*Geolocalizaci\u00f3n minuto a minuto.<\/strong><\/p>\n\n\n\n<p>El texto subraya que estas herramientas act\u00faan como &#8220;mecanismos preventivos frente a situaciones delictivas&#8221; y que el material registrado podr\u00e1 ser utilizado como\u00a0<strong>prueba documental en investigaciones judiciales<\/strong>.<\/p>\n\n\n\n<p>Los sistemas deber\u00e1n ser&nbsp;<strong>interoperables con el 911<\/strong>, lo que permitir\u00e1 respuestas r\u00e1pidas ante emergencias. Adem\u00e1s, deber\u00e1n transmitir informaci\u00f3n en forma continua -ubicaci\u00f3n, datos del veh\u00edculo y del chofer- a trav\u00e9s de una&nbsp;<strong>API proporcionada por la Subsecretar\u00eda<\/strong>.<\/p>\n\n\n\n<p>Cada permisionario ser\u00e1 responsable del&nbsp;<strong>mantenimiento, operatividad y conectividad<\/strong>&nbsp;de los equipos. En caso de fallas t\u00e9cnicas, deber\u00e1 notificar a la Subsecretar\u00eda mediante una&nbsp;<strong>declaraci\u00f3n jurada<\/strong>&nbsp;en un plazo m\u00e1ximo de 48 horas, detallando el desperfecto y el tiempo estimado de reparaci\u00f3n.<\/p>\n\n\n\n<p>Tambi\u00e9n se habilita la\u00a0<strong>presentaci\u00f3n de soluciones tecnol\u00f3gicas superadoras<\/strong>, siempre que cuenten con la validaci\u00f3n t\u00e9cnica del Ministerio de Seguridad y Justicia y sean compatibles con el sistema provincial de emergencias.<\/p>\n\n\n\n<p>La&nbsp;<strong>fiscalizaci\u00f3n<\/strong>&nbsp;del cumplimiento estar\u00e1 a cargo del<strong>&nbsp;Ente de la Movilidad Provincial (EMoP)<\/strong>, y el&nbsp;<strong>incumplimiento<\/strong>&nbsp;podr\u00e1 derivar en sanciones seg\u00fan lo establecido en la Ley<em>&nbsp;7412<\/em>.<\/p>\n\n\n\n<p>Por \u00faltimo, se solicit\u00f3 al Ministerio de Seguridad, a cargo de Mercedes Rus, la\u00a0<strong>actualizaci\u00f3n del listado de proveedores de sistemas autorizados<\/strong>, para facilitar la implementaci\u00f3n de la norma.<\/p>\n\n\n\n<p><strong>Fuente: www.mendozapost.com<\/strong><\/p>\n","protected":false},"excerpt":{"rendered":"<p>La&nbsp;Subsecretar\u00eda de Transporte, bajo la direcci\u00f3n de&nbsp;Luis Borrego, oficializ\u00f3 este martes una resoluci\u00f3n que impone la&nbsp;instalaci\u00f3n obligatoria de c\u00e1maras de videovigilancia y botones de p\u00e1nico en&nbsp;todos los taxis y remises habilitados&nbsp;en la provincia. El objetivo es&nbsp;reforzar la seguridad de choferes y pasajeros&nbsp;mediante una red de monitoreo en&nbsp;tiempo real, vinculada directamente con el sistema de emergencias&nbsp;911. [&hellip;]<\/p>\n","protected":false},"author":2,"featured_media":15126,"comment_status":"open","ping_status":"open","sticky":false,"template":"","format":"standard","meta":[],"categories":[50],"tags":[],"_links":{"self":[{"href":"https:\/\/pasaenmendoza.com\/index.php?rest_route=\/wp\/v2\/posts\/15125"}],"collection":[{"href":"https:\/\/pasaenmendoza.com\/index.php?rest_route=\/wp\/v2\/posts"}],"about":[{"href":"https:\/\/pasaenmendoza.com\/index.php?rest_route=\/wp\/v2\/types\/post"}],"author":[{"embeddable":true,"href":"https:\/\/pasaenmendoza.com\/index.php?rest_route=\/wp\/v2\/users\/2"}],"replies":[{"embeddable":true,"href":"https:\/\/pasaenmendoza.com\/index.php?rest_route=%2Fwp%2Fv2%2Fcomments&post=15125"}],"version-history":[{"count":1,"href":"https:\/\/pasaenmendoza.com\/index.php?rest_route=\/wp\/v2\/posts\/15125\/revisions"}],"predecessor-version":[{"id":15127,"href":"https:\/\/pasaenmendoza.com\/index.php?rest_route=\/wp\/v2\/posts\/15125\/revisions\/15127"}],"wp:featuredmedia":[{"embeddable":true,"href":"https:\/\/pasaenmendoza.com\/index.php?rest_route=\/wp\/v2\/media\/15126"}],"wp:attachment":[{"href":"https:\/\/pasaenmendoza.com\/index.php?rest_route=%2Fwp%2Fv2%2Fmedia&parent=15125"}],"wp:term":[{"taxonomy":"category","embeddable":true,"href":"https:\/\/pasaenmendoza.com\/index.php?rest_route=%2Fwp%2Fv2%2Fcategories&post=15125"},{"taxonomy":"post_tag","embeddable":true,"href":"https:\/\/pasaenmendoza.com\/index.php?rest_route=%2Fwp%2Fv2%2Ftags&post=15125"}],"curies":[{"name":"wp","href":"https:\/\/api.w.org\/{rel}","templated":true}]}}