{"id":15128,"date":"2025-10-07T16:37:40","date_gmt":"2025-10-07T14:37:40","guid":{"rendered":"https:\/\/pasaenmendoza.com\/?p=15128"},"modified":"2025-10-07T16:37:41","modified_gmt":"2025-10-07T14:37:41","slug":"murio-el-hombre-baleado-por-un-policia-en-lujan","status":"publish","type":"post","link":"https:\/\/pasaenmendoza.com\/?p=15128","title":{"rendered":"Muri\u00f3 el hombre baleado por un polic\u00eda en Luj\u00e1n"},"content":{"rendered":"\n<p>\u00a0<strong>Fernando Rub\u00e9n Garc\u00eda, de 37 a\u00f1os<\/strong>, falleci\u00f3 este martes en el Hospital Central debido a la gravedad de una herida de bala en la cabeza sufrida\u00a0<strong>durante un incidente con un polic\u00eda en Luj\u00e1n de Cuyo<\/strong>\u00a0este lunes. Garc\u00eda se encontraba internado en terapia intensiva en estado cr\u00edtico desde el lunes por la ma\u00f1ana.\u00a0<\/p>\n\n\n\n<p>El incidente ocurri\u00f3 en la\u00a0<strong>intersecci\u00f3n de las calles Azcu\u00e9naga y Libertad, en Luj\u00e1n de Cuyo<\/strong>. Un polic\u00eda vestido de civil intercept\u00f3 a Garc\u00eda, quien conduc\u00eda un Chevrolet Prisma. Seg\u00fan el testimonio del polic\u00eda, Garc\u00eda coincid\u00eda con la descripci\u00f3n de un hombre que le hab\u00eda robado un bolso con un arma el viernes anterior.<\/p>\n\n\n\n<p>El efectivo policial declar\u00f3 haberse identificado y exigido a Garc\u00eda que se detuviera. Ante la supuesta intenci\u00f3n de fuga, el polic\u00eda dispar\u00f3 contra el veh\u00edculo, hiriendo a Garc\u00eda en la cabeza.<\/p>\n\n\n\n<p>Bomberos voluntarios de Luj\u00e1n de Cuyo rescataron al herido, quien fue trasladado al Hospital Central, donde ingres\u00f3 con una herida de arma de fuego en la zona occipital derecha del cr\u00e1neo, sin orificio de salida. Su pron\u00f3stico era reservado hasta el d\u00eda de hoy, cuando se confirm\u00f3 su fallecimiento. Garc\u00eda ten\u00eda antecedentes penales por robo, encubrimiento, amenazas y tenencia de drogas.<\/p>\n\n\n\n<p>El fiscal de turno, Gustavo Pirrello, est\u00e1 a cargo de la investigaci\u00f3n\u00a0para determinar las circunstancias exactas del hecho y verificar si Garc\u00eda ten\u00eda relaci\u00f3n con el robo denunciado por el polic\u00eda. El polic\u00eda involucrado ha sido demorado y est\u00e1 a disposici\u00f3n de la fiscal\u00eda mientras se investiga el caso .\u00a0<\/p>\n\n\n\n<p><strong>Fuente: www.mendozapost.com<\/strong><\/p>\n","protected":false},"excerpt":{"rendered":"<p>\u00a0Fernando Rub\u00e9n Garc\u00eda, de 37 a\u00f1os, falleci\u00f3 este martes en el Hospital Central debido a la gravedad de una herida de bala en la cabeza sufrida\u00a0durante un incidente con un polic\u00eda en Luj\u00e1n de Cuyo\u00a0este lunes. Garc\u00eda se encontraba internado en terapia intensiva en estado cr\u00edtico desde el lunes por la ma\u00f1ana.\u00a0 El incidente ocurri\u00f3 [&hellip;]<\/p>\n","protected":false},"author":2,"featured_media":15129,"comment_status":"open","ping_status":"open","sticky":false,"template":"","format":"standard","meta":[],"categories":[48],"tags":[],"_links":{"self":[{"href":"https:\/\/pasaenmendoza.com\/index.php?rest_route=\/wp\/v2\/posts\/15128"}],"collection":[{"href":"https:\/\/pasaenmendoza.com\/index.php?rest_route=\/wp\/v2\/posts"}],"about":[{"href":"https:\/\/pasaenmendoza.com\/index.php?rest_route=\/wp\/v2\/types\/post"}],"author":[{"embeddable":true,"href":"https:\/\/pasaenmendoza.com\/index.php?rest_route=\/wp\/v2\/users\/2"}],"replies":[{"embeddable":true,"href":"https:\/\/pasaenmendoza.com\/index.php?rest_route=%2Fwp%2Fv2%2Fcomments&post=15128"}],"version-history":[{"count":1,"href":"https:\/\/pasaenmendoza.com\/index.php?rest_route=\/wp\/v2\/posts\/15128\/revisions"}],"predecessor-version":[{"id":15130,"href":"https:\/\/pasaenmendoza.com\/index.php?rest_route=\/wp\/v2\/posts\/15128\/revisions\/15130"}],"wp:featuredmedia":[{"embeddable":true,"href":"https:\/\/pasaenmendoza.com\/index.php?rest_route=\/wp\/v2\/media\/15129"}],"wp:attachment":[{"href":"https:\/\/pasaenmendoza.com\/index.php?rest_route=%2Fwp%2Fv2%2Fmedia&parent=15128"}],"wp:term":[{"taxonomy":"category","embeddable":true,"href":"https:\/\/pasaenmendoza.com\/index.php?rest_route=%2Fwp%2Fv2%2Fcategories&post=15128"},{"taxonomy":"post_tag","embeddable":true,"href":"https:\/\/pasaenmendoza.com\/index.php?rest_route=%2Fwp%2Fv2%2Ftags&post=15128"}],"curies":[{"name":"wp","href":"https:\/\/api.w.org\/{rel}","templated":true}]}}