{"id":15131,"date":"2025-10-08T15:40:31","date_gmt":"2025-10-08T13:40:31","guid":{"rendered":"https:\/\/pasaenmendoza.com\/?p=15131"},"modified":"2025-10-08T15:40:33","modified_gmt":"2025-10-08T13:40:33","slug":"el-tiempo-en-mendoza-para-este-miercoles-vuelve-a-instalarse-el-verano","status":"publish","type":"post","link":"https:\/\/pasaenmendoza.com\/?p=15131","title":{"rendered":"El tiempo en Mendoza para este mi\u00e9rcoles: vuelve a instalarse el verano"},"content":{"rendered":"\n<p>La temperatura m\u00e1xima para este mi\u00e9rcoles alcanzar\u00e1 los 28 grados cent\u00edgrados, en tanto que la m\u00ednima descender\u00e1 a los 9 grados cent\u00edgrados.<\/p>\n\n\n\n<p>Las m\u00e1ximas ir\u00e1n en ascenso al menos hasta el viernes.<\/p>\n\n\n\n<p>Habr\u00e1 \u201ctiempo bueno con ascenso de la temperatura, vientos moderados del noreste\u201d, seg\u00fan el pron\u00f3stico de la Direcci\u00f3n de Contingencias Clim\u00e1ticas.<\/p>\n\n\n\n<p>Circulaci\u00f3n de viento desde el norte, en forma leve, desde media ma\u00f1ana hasta alrededor de las 23, en toda la provincia.<\/p>\n\n\n\n<p>Generalmente despejado en el llano.<\/p>\n\n\n\n<p>El tiempo en alta monta\u00f1a: \u201cPoco nuboso en cordillera\u201d.<\/p>\n\n\n\n<p><strong>Fuente: www.elsol.com.ar<\/strong><\/p>\n","protected":false},"excerpt":{"rendered":"<p>La temperatura m\u00e1xima para este mi\u00e9rcoles alcanzar\u00e1 los 28 grados cent\u00edgrados, en tanto que la m\u00ednima descender\u00e1 a los 9 grados cent\u00edgrados. Las m\u00e1ximas ir\u00e1n en ascenso al menos hasta el viernes. Habr\u00e1 \u201ctiempo bueno con ascenso de la temperatura, vientos moderados del noreste\u201d, seg\u00fan el pron\u00f3stico de la Direcci\u00f3n de Contingencias Clim\u00e1ticas. Circulaci\u00f3n de [&hellip;]<\/p>\n","protected":false},"author":2,"featured_media":15132,"comment_status":"open","ping_status":"open","sticky":false,"template":"","format":"standard","meta":[],"categories":[52],"tags":[],"_links":{"self":[{"href":"https:\/\/pasaenmendoza.com\/index.php?rest_route=\/wp\/v2\/posts\/15131"}],"collection":[{"href":"https:\/\/pasaenmendoza.com\/index.php?rest_route=\/wp\/v2\/posts"}],"about":[{"href":"https:\/\/pasaenmendoza.com\/index.php?rest_route=\/wp\/v2\/types\/post"}],"author":[{"embeddable":true,"href":"https:\/\/pasaenmendoza.com\/index.php?rest_route=\/wp\/v2\/users\/2"}],"replies":[{"embeddable":true,"href":"https:\/\/pasaenmendoza.com\/index.php?rest_route=%2Fwp%2Fv2%2Fcomments&post=15131"}],"version-history":[{"count":1,"href":"https:\/\/pasaenmendoza.com\/index.php?rest_route=\/wp\/v2\/posts\/15131\/revisions"}],"predecessor-version":[{"id":15133,"href":"https:\/\/pasaenmendoza.com\/index.php?rest_route=\/wp\/v2\/posts\/15131\/revisions\/15133"}],"wp:featuredmedia":[{"embeddable":true,"href":"https:\/\/pasaenmendoza.com\/index.php?rest_route=\/wp\/v2\/media\/15132"}],"wp:attachment":[{"href":"https:\/\/pasaenmendoza.com\/index.php?rest_route=%2Fwp%2Fv2%2Fmedia&parent=15131"}],"wp:term":[{"taxonomy":"category","embeddable":true,"href":"https:\/\/pasaenmendoza.com\/index.php?rest_route=%2Fwp%2Fv2%2Fcategories&post=15131"},{"taxonomy":"post_tag","embeddable":true,"href":"https:\/\/pasaenmendoza.com\/index.php?rest_route=%2Fwp%2Fv2%2Ftags&post=15131"}],"curies":[{"name":"wp","href":"https:\/\/api.w.org\/{rel}","templated":true}]}}