{"id":15134,"date":"2025-10-08T15:44:24","date_gmt":"2025-10-08T13:44:24","guid":{"rendered":"https:\/\/pasaenmendoza.com\/?p=15134"},"modified":"2025-10-08T15:44:26","modified_gmt":"2025-10-08T13:44:26","slug":"imputaron-por-homicidio-agravado-al-policia-que-abatio-a-un-ladron-creen-que-es-un-caso-de-gatillo-facil","status":"publish","type":"post","link":"https:\/\/pasaenmendoza.com\/?p=15134","title":{"rendered":"Imputaron por homicidio agravado al polic\u00eda que abati\u00f3 a un ladr\u00f3n: creen que es un caso de gatillo f\u00e1cil"},"content":{"rendered":"\n<p>El fiscal de Homicidios Gustavo Pirrello imput\u00f3 este mi\u00e9rcoles durante la ma\u00f1ana por homicidio agravado por el uso de arma de fuego y&nbsp;<strong>por su condici\u00f3n de sujeto activo al polic\u00eda que mat\u00f3 a un presunto ladr\u00f3n en Luj\u00e1n de Cuyo<\/strong>. La decisi\u00f3n se tom\u00f3 tras 48 horas de an\u00e1lisis de diversas pruebas, como c\u00e1maras y testimonios, en medio de una causa que a\u00fan podr\u00eda dar un giro en las pr\u00f3ximas semanas. La directiva fue dada por el jefe de la Unidad Fiscal de Homicidios, Fernando Guzzo.<\/p>\n\n\n\n<p>El efectivo, Jos\u00e9 Funes (40), quien cumple funciones en la Unidad de Procedimiento y Abordaje de la Ni\u00f1ez y Adolescencia (UPANA), qued\u00f3 detenido a disposici\u00f3n del Ministerio P\u00fablico y\u00a0<strong>pasar\u00e1 al penal en las pr\u00f3ximas horas<\/strong>.<\/p>\n\n\n\n<p>Seg\u00fan adelantaron fuentes del caso, la acusaci\u00f3n inicial podr\u00eda modificarse a medida que se incorporen los resultados de las pericias bal\u00edsticas y un an\u00e1lisis m\u00e1s profundo de las grabaciones relevadas en la zona donde ocurri\u00f3 el tiroteo.<\/p>\n\n\n\n<p>El hecho que origin\u00f3 el expediente tuvo su inicio el viernes pasado,&nbsp;<strong>cuando al efectivo le robaron su arma reglamentaria, una mochila y un par de zapatillas mientras hac\u00eda compras en un comercio de calle S\u00e1enz Pe\u00f1a<\/strong>. Le hab\u00edan abierto el auto con un inhibidor de alarmas y escaparon.<\/p>\n\n\n\n<p>Ese hecho qued\u00f3 registrado por una c\u00e1mara de seguridad.<strong>\u00a0Tres d\u00edas m\u00e1s tarde, el lunes, el miembro de la fuerza realizaba compras y crey\u00f3 haber reconocido el veh\u00edculo utilizado por los autores<\/strong>\u00a0-un Chevrolet Prisma gris oscuro- en la zona donde viv\u00eda y decidi\u00f3 seguirlo por su cuenta, tal como sostiene el caso revelado por\u00a0<em><strong>El Sol.<\/strong><\/em><\/p>\n\n\n\n<p><strong>La secuencia culmin\u00f3 cerca del cruce de Azcu\u00e9naga y Libertad<\/strong>, donde el funcionario dispar\u00f3 ocho veces contra el auto, alcanzando al conductor, identificado como&nbsp;<strong>Federico Rub\u00e9n Garc\u00eda<\/strong>, de 37 a\u00f1os, quien ten\u00eda antecedentes por delitos contra la propiedad y varias condenas que lo enviaron al penal varias veces.<\/p>\n\n\n\n<p>El sujeto falleci\u00f3 horas m\u00e1s tarde en el Hospital Central a ra\u00edz de una herida de bala en la cabeza.<\/p>\n\n\n\n<p><strong>Fuente: www.elsol.com.ar<\/strong><\/p>\n","protected":false},"excerpt":{"rendered":"<p>El fiscal de Homicidios Gustavo Pirrello imput\u00f3 este mi\u00e9rcoles durante la ma\u00f1ana por homicidio agravado por el uso de arma de fuego y&nbsp;por su condici\u00f3n de sujeto activo al polic\u00eda que mat\u00f3 a un presunto ladr\u00f3n en Luj\u00e1n de Cuyo. La decisi\u00f3n se tom\u00f3 tras 48 horas de an\u00e1lisis de diversas pruebas, como c\u00e1maras y [&hellip;]<\/p>\n","protected":false},"author":2,"featured_media":15135,"comment_status":"open","ping_status":"open","sticky":false,"template":"","format":"standard","meta":[],"categories":[48],"tags":[],"_links":{"self":[{"href":"https:\/\/pasaenmendoza.com\/index.php?rest_route=\/wp\/v2\/posts\/15134"}],"collection":[{"href":"https:\/\/pasaenmendoza.com\/index.php?rest_route=\/wp\/v2\/posts"}],"about":[{"href":"https:\/\/pasaenmendoza.com\/index.php?rest_route=\/wp\/v2\/types\/post"}],"author":[{"embeddable":true,"href":"https:\/\/pasaenmendoza.com\/index.php?rest_route=\/wp\/v2\/users\/2"}],"replies":[{"embeddable":true,"href":"https:\/\/pasaenmendoza.com\/index.php?rest_route=%2Fwp%2Fv2%2Fcomments&post=15134"}],"version-history":[{"count":1,"href":"https:\/\/pasaenmendoza.com\/index.php?rest_route=\/wp\/v2\/posts\/15134\/revisions"}],"predecessor-version":[{"id":15136,"href":"https:\/\/pasaenmendoza.com\/index.php?rest_route=\/wp\/v2\/posts\/15134\/revisions\/15136"}],"wp:featuredmedia":[{"embeddable":true,"href":"https:\/\/pasaenmendoza.com\/index.php?rest_route=\/wp\/v2\/media\/15135"}],"wp:attachment":[{"href":"https:\/\/pasaenmendoza.com\/index.php?rest_route=%2Fwp%2Fv2%2Fmedia&parent=15134"}],"wp:term":[{"taxonomy":"category","embeddable":true,"href":"https:\/\/pasaenmendoza.com\/index.php?rest_route=%2Fwp%2Fv2%2Fcategories&post=15134"},{"taxonomy":"post_tag","embeddable":true,"href":"https:\/\/pasaenmendoza.com\/index.php?rest_route=%2Fwp%2Fv2%2Ftags&post=15134"}],"curies":[{"name":"wp","href":"https:\/\/api.w.org\/{rel}","templated":true}]}}