{"id":15137,"date":"2025-10-08T15:54:47","date_gmt":"2025-10-08T13:54:47","guid":{"rendered":"https:\/\/pasaenmendoza.com\/?p=15137"},"modified":"2025-10-08T15:54:48","modified_gmt":"2025-10-08T13:54:48","slug":"dia-internacional-de-la-dislexia-no-se-ve-pero-se-siente","status":"publish","type":"post","link":"https:\/\/pasaenmendoza.com\/?p=15137","title":{"rendered":"D\u00eda Internacional de la Dislexia: &#8220;No se ve, pero se siente&#8221;"},"content":{"rendered":"\n<p>La&nbsp;<strong>dislexia<\/strong>&nbsp;sigue siendo un desaf\u00edo invisible para gran parte de la sociedad. No por falta de se\u00f1ales, sino por falta de empat\u00eda. As\u00ed lo expresan desde la&nbsp;<strong>Asociaci\u00f3n Mendocina&nbsp;<em>Hablemos de Dislexia<\/em><\/strong>, que este&nbsp;<strong>8 de octubre&nbsp;<\/strong>vuelve a levantar la voz para acompa\u00f1ar a miles de chicos y chicas que, a diario, enfrentan las consecuencias de un sistema educativo que muchas veces no los comprende.<\/p>\n\n\n\n<p>La fecha, establecida por la Asociaci\u00f3n Europea de Dislexia, busca sensibilizar a la comunidad sobre este<strong>\u00a0trastorno del aprendizaje de base neurobiol\u00f3gica<\/strong>, que nada tiene que ver con la inteligencia, sino con una manera diferente de procesar la informaci\u00f3n escrita.<\/p>\n\n\n\n<p>&#8220;La dislexia no es falta de inteligencia. Es falta de informaci\u00f3n, de acompa\u00f1amiento y de sensibilidad&#8221;, destacan desde la entidad mendocina.<\/p>\n\n\n\n<p>El secretario de la asociaci\u00f3n,\u00a0<strong>Marcelo Deambrosi<\/strong>, dialog\u00f3 con el\u00a0<em><strong>Post<\/strong><\/em>\u00a0y subray\u00f3 que hablar de dislexia &#8220;es darle voz a quienes fueron silenciados&#8221;. Y agreg\u00f3: &#8220;La empat\u00eda puede cambiar su historia.\u00a0<strong>La dislexia no se ve, pero se siente. Y duele cuando el entorno no entiende&#8221;.<\/strong><\/p>\n\n\n\n<p>Desde la organizaci\u00f3n remarcan que el diagn\u00f3stico temprano y el acompa\u00f1amiento adecuado son fundamentales para prevenir la frustraci\u00f3n, la baja autoestima y el fracaso escolar o laboral.&nbsp;<\/p>\n\n\n\n<p>Por eso, insisten en la necesidad de una mayor capacitaci\u00f3n docente, m\u00e1s herramientas pedag\u00f3gicas y una sociedad que comprenda las distintas formas de aprender.<\/p>\n\n\n\n<p>&#8220;Necesitamos m\u00e1s empat\u00eda, m\u00e1s visibilidad y m\u00e1s formaci\u00f3n. Porque entender la dislexia cambia vidas&#8221;, expresaron desde la Asociaci\u00f3n&nbsp;<em>Hablemos de Dislexia Mendoza<\/em>, integrada por su presidenta Daniela Agrain, el secretario Marcelo&nbsp; Deambrosi, la tesorera Natalia Zavaroni y la vocal titular Lorena Pe\u00f1afort, entre otros voluntarios.<\/p>\n\n\n\n<p>La entidad trabaja activamente en la provincia brindando orientaci\u00f3n a padres, docentes y profesionales, y promoviendo espacios de di\u00e1logo y sensibilizaci\u00f3n.<\/p>\n\n\n\n<p>En este\u00a0<strong>D\u00eda Internacional de la Dislexia<\/strong>, la invitaci\u00f3n es clara: mirar con m\u00e1s comprensi\u00f3n, escuchar con m\u00e1s empat\u00eda y recordar que detr\u00e1s de cada palabra escrita, hay una historia que merece ser entendida.<\/p>\n\n\n\n<p><strong>Fuente: www.mendozapost.com<\/strong><\/p>\n","protected":false},"excerpt":{"rendered":"<p>La&nbsp;dislexia&nbsp;sigue siendo un desaf\u00edo invisible para gran parte de la sociedad. No por falta de se\u00f1ales, sino por falta de empat\u00eda. As\u00ed lo expresan desde la&nbsp;Asociaci\u00f3n Mendocina&nbsp;Hablemos de Dislexia, que este&nbsp;8 de octubre&nbsp;vuelve a levantar la voz para acompa\u00f1ar a miles de chicos y chicas que, a diario, enfrentan las consecuencias de un sistema educativo [&hellip;]<\/p>\n","protected":false},"author":2,"featured_media":15138,"comment_status":"open","ping_status":"open","sticky":false,"template":"","format":"standard","meta":[],"categories":[50],"tags":[],"_links":{"self":[{"href":"https:\/\/pasaenmendoza.com\/index.php?rest_route=\/wp\/v2\/posts\/15137"}],"collection":[{"href":"https:\/\/pasaenmendoza.com\/index.php?rest_route=\/wp\/v2\/posts"}],"about":[{"href":"https:\/\/pasaenmendoza.com\/index.php?rest_route=\/wp\/v2\/types\/post"}],"author":[{"embeddable":true,"href":"https:\/\/pasaenmendoza.com\/index.php?rest_route=\/wp\/v2\/users\/2"}],"replies":[{"embeddable":true,"href":"https:\/\/pasaenmendoza.com\/index.php?rest_route=%2Fwp%2Fv2%2Fcomments&post=15137"}],"version-history":[{"count":1,"href":"https:\/\/pasaenmendoza.com\/index.php?rest_route=\/wp\/v2\/posts\/15137\/revisions"}],"predecessor-version":[{"id":15139,"href":"https:\/\/pasaenmendoza.com\/index.php?rest_route=\/wp\/v2\/posts\/15137\/revisions\/15139"}],"wp:featuredmedia":[{"embeddable":true,"href":"https:\/\/pasaenmendoza.com\/index.php?rest_route=\/wp\/v2\/media\/15138"}],"wp:attachment":[{"href":"https:\/\/pasaenmendoza.com\/index.php?rest_route=%2Fwp%2Fv2%2Fmedia&parent=15137"}],"wp:term":[{"taxonomy":"category","embeddable":true,"href":"https:\/\/pasaenmendoza.com\/index.php?rest_route=%2Fwp%2Fv2%2Fcategories&post=15137"},{"taxonomy":"post_tag","embeddable":true,"href":"https:\/\/pasaenmendoza.com\/index.php?rest_route=%2Fwp%2Fv2%2Ftags&post=15137"}],"curies":[{"name":"wp","href":"https:\/\/api.w.org\/{rel}","templated":true}]}}