{"id":15149,"date":"2025-10-08T23:51:41","date_gmt":"2025-10-08T21:51:41","guid":{"rendered":"https:\/\/pasaenmendoza.com\/?p=15149"},"modified":"2025-10-08T23:51:42","modified_gmt":"2025-10-08T21:51:42","slug":"megacorte-de-agua-en-mendoza-a-que-hora-empieza-y-cuanto-durara","status":"publish","type":"post","link":"https:\/\/pasaenmendoza.com\/?p=15149","title":{"rendered":"Megacorte de agua en Mendoza: a qu\u00e9 hora empieza y cu\u00e1nto durar\u00e1"},"content":{"rendered":"\n<p>En relaci\u00f3n con los trabajos de macromedici\u00f3n del servicio en el Gran Mendoza,\u00a0<strong>AYSAM<\/strong>\u00a0program\u00f3 un nuevo\u00a0<strong>megacorte de agua<\/strong>\u00a0para este viernes 10 de octubre, que afectar\u00e1 a distintos distritos y departamentos de la zona.<\/p>\n\n\n\n<p>Las obras se realizan en el marco de un proyecto que la empresa&nbsp;<strong>AYSAM<\/strong>&nbsp;est\u00e1 realizando para optimizar el actual Sistema de Macrodistribuci\u00f3n y regulaci\u00f3n de los acueductos, que alimentan las reservas de&nbsp;<strong>agua potable<\/strong>&nbsp;de dos de los establecimientos potabilizadores m\u00e1s importantes del&nbsp;<strong>Gran Mendoza<\/strong>. A partir de esto, se ver\u00e1 afectado el suministro.<\/p>\n\n\n\n<p>El proyecto consta de una inversi\u00f3n de aproximadamente USD 5.1 millones. La intervenci\u00f3n corresponde a la puesta en funcionamiento de una nueva c\u00e1mara de distribuci\u00f3n y regulaci\u00f3n en La Puntilla.<\/p>\n\n\n\n<h2 class=\"wp-block-heading\">Corte de agua en el Gran Mendoza: a qu\u00e9 hora empieza y cu\u00e1nto durar\u00e1<\/h2>\n\n\n\n<p>El nuevo&nbsp;<strong>corte de agua<\/strong>&nbsp;comenzar\u00e1 a las 4 de la madrugada del viernes 10 de octubre.&nbsp;<strong>AYSAM<\/strong>&nbsp;inform\u00f3 que los trabajos programados tienen como objetivo dirigir el servicio desde los establecimientos potabilizadores Luj\u00e1n I y Potrerillos hacia la cuenca de Alto Godoy o Benegas.<\/p>\n\n\n\n<p>El&nbsp;<strong>megacorte de agua<\/strong>&nbsp;se extender\u00e1 durante aproximadamente 12 a 15 horas y afectar\u00e1 las siguientes zonas del&nbsp;<strong>Gran Mendoza<\/strong>:<\/p>\n\n\n\n<ul>\n<li>Ciudad: Secciones 1\u00b0, 2\u00b0, 3\u00b0, 4\u00b0, 5\u00b0, 6\u00b0, 7\u00b0, 8\u00b0 y La Favorita<\/li>\n\n\n\n<li>Godoy Cruz: Sarmiento, Benegas, Las Tortugas, San Francisco del Monte y zona oeste<\/li>\n\n\n\n<li>Guaymall\u00e9n: Dorrego, Las Ca\u00f1as, Villa Nueva, San Jos\u00e9, Pedro Molina, Jes\u00fas Nazareno, Rodeo de la Cruz y Km 11<\/li>\n\n\n\n<li>Las Heras: zonas centro, oeste y norte<\/li>\n\n\n\n<li>Luj\u00e1n de Cuyo: La Puntilla, Las Compuertas, Blanco Encalada, Potrerillos, Cacheuta, Carrodilla y Chacras de Coria.<\/li>\n\n\n\n<li>Maip\u00fa: Coquimbito<\/li>\n<\/ul>\n\n\n\n<p>El servicio de&nbsp;<strong>agua potable&nbsp;<\/strong>se restablecer\u00e1 progresivamente entre 24 y 48 horas luego de la instalaci\u00f3n, es decir, a partir del domingo por la noche.<\/p>\n\n\n\n<p><strong>AYSAM<\/strong>&nbsp;recomienda mantener una reserva de agua embotellada, preservar la reserva del tanque domiciliario, regular el uso e intensidad del caudal, evitar el uso de electrodom\u00e9sticos que requieren de&nbsp;<strong>agua potable&nbsp;<\/strong>y controlar las goteras o perdidas.<\/p>\n\n\n\n<h2 class=\"wp-block-heading\">Cortes de agua programados: qu\u00e9 departamento del Gran Mendoza se ver\u00e1 afectado este 9 de octubre<\/h2>\n\n\n\n<figure class=\"wp-block-image\"><img decoding=\"async\" src=\"https:\/\/media.diariouno.com.ar\/p\/f4191b3b434444cfbaa5c369dcce85c0\/adjuntos\/298\/imagenes\/009\/637\/0009637646\/1200x0\/smart\/cortes-agua.jpg\" alt=\"Gr\u00e1fico tomado de la p\u00e1gina web de Aguas Mendocinas.\" title=\"Gr\u00e1fico tomado de la p\u00e1gina web de Aguas Mendocinas.\"\/><\/figure>\n\n\n\n<p>Este jueves 9 de octubre,\u00a0<strong>AYSAM<\/strong>\u00a0realizar\u00e1 trabajos\u00a0en el departamento de Guaymall\u00e9n debido a una obra de empalme de redes. El servicio se ver\u00e1 afectado a partir de las 8 de la ma\u00f1ana del jueves hasta las 20 horas. El corte del servicio se realizar\u00e1 de calle Pedro del Castillo a calle Mendoza, y de calle Higuerita a calle Los Huarpes.<\/p>\n\n\n\n<p><strong>Fuente: www.diariouno.com.ar<\/strong><\/p>\n","protected":false},"excerpt":{"rendered":"<p>En relaci\u00f3n con los trabajos de macromedici\u00f3n del servicio en el Gran Mendoza,\u00a0AYSAM\u00a0program\u00f3 un nuevo\u00a0megacorte de agua\u00a0para este viernes 10 de octubre, que afectar\u00e1 a distintos distritos y departamentos de la zona. Las obras se realizan en el marco de un proyecto que la empresa&nbsp;AYSAM&nbsp;est\u00e1 realizando para optimizar el actual Sistema de Macrodistribuci\u00f3n y regulaci\u00f3n [&hellip;]<\/p>\n","protected":false},"author":2,"featured_media":15150,"comment_status":"open","ping_status":"open","sticky":false,"template":"","format":"standard","meta":[],"categories":[50],"tags":[],"_links":{"self":[{"href":"https:\/\/pasaenmendoza.com\/index.php?rest_route=\/wp\/v2\/posts\/15149"}],"collection":[{"href":"https:\/\/pasaenmendoza.com\/index.php?rest_route=\/wp\/v2\/posts"}],"about":[{"href":"https:\/\/pasaenmendoza.com\/index.php?rest_route=\/wp\/v2\/types\/post"}],"author":[{"embeddable":true,"href":"https:\/\/pasaenmendoza.com\/index.php?rest_route=\/wp\/v2\/users\/2"}],"replies":[{"embeddable":true,"href":"https:\/\/pasaenmendoza.com\/index.php?rest_route=%2Fwp%2Fv2%2Fcomments&post=15149"}],"version-history":[{"count":1,"href":"https:\/\/pasaenmendoza.com\/index.php?rest_route=\/wp\/v2\/posts\/15149\/revisions"}],"predecessor-version":[{"id":15151,"href":"https:\/\/pasaenmendoza.com\/index.php?rest_route=\/wp\/v2\/posts\/15149\/revisions\/15151"}],"wp:featuredmedia":[{"embeddable":true,"href":"https:\/\/pasaenmendoza.com\/index.php?rest_route=\/wp\/v2\/media\/15150"}],"wp:attachment":[{"href":"https:\/\/pasaenmendoza.com\/index.php?rest_route=%2Fwp%2Fv2%2Fmedia&parent=15149"}],"wp:term":[{"taxonomy":"category","embeddable":true,"href":"https:\/\/pasaenmendoza.com\/index.php?rest_route=%2Fwp%2Fv2%2Fcategories&post=15149"},{"taxonomy":"post_tag","embeddable":true,"href":"https:\/\/pasaenmendoza.com\/index.php?rest_route=%2Fwp%2Fv2%2Ftags&post=15149"}],"curies":[{"name":"wp","href":"https:\/\/api.w.org\/{rel}","templated":true}]}}