{"id":15156,"date":"2025-10-09T15:24:37","date_gmt":"2025-10-09T13:24:37","guid":{"rendered":"https:\/\/pasaenmendoza.com\/?p=15156"},"modified":"2025-10-09T15:24:39","modified_gmt":"2025-10-09T13:24:39","slug":"el-tiempo-en-mendoza-jueves-caluroso-y-poco-nublado","status":"publish","type":"post","link":"https:\/\/pasaenmendoza.com\/?p=15156","title":{"rendered":"El tiempo en Mendoza: jueves caluroso y poco nublado"},"content":{"rendered":"\n<p>La temperatura m\u00e1xima alcanzar\u00e1 los 31 grados cent\u00edgrados, mientras que la m\u00ednima caer\u00e1 a los 11 grados cent\u00edgrados.<\/p>\n\n\n\n<p>Habr\u00e1 \u201cpoca nubosidad con ascenso de la temperatura, vientos moderados del noreste\u201d, seg\u00fan el pron\u00f3stico de la Direcci\u00f3n de Contingencias Clim\u00e1ticas.<\/p>\n\n\n\n<p>Se espera circulaci\u00f3n de viento desde el norte, desde media ma\u00f1ana hasta las 22, de intensidad leve a moderado en la franja Este.<\/p>\n\n\n\n<p>El tiempo en alta monta\u00f1a: \u201cPoco nuboso en cordillera\u201d.<\/p>\n\n\n\n<p><strong>Fuente: www.elsol.com.ar<\/strong><\/p>\n","protected":false},"excerpt":{"rendered":"<p>La temperatura m\u00e1xima alcanzar\u00e1 los 31 grados cent\u00edgrados, mientras que la m\u00ednima caer\u00e1 a los 11 grados cent\u00edgrados. Habr\u00e1 \u201cpoca nubosidad con ascenso de la temperatura, vientos moderados del noreste\u201d, seg\u00fan el pron\u00f3stico de la Direcci\u00f3n de Contingencias Clim\u00e1ticas. Se espera circulaci\u00f3n de viento desde el norte, desde media ma\u00f1ana hasta las 22, de intensidad [&hellip;]<\/p>\n","protected":false},"author":2,"featured_media":15157,"comment_status":"open","ping_status":"open","sticky":false,"template":"","format":"standard","meta":[],"categories":[52],"tags":[],"_links":{"self":[{"href":"https:\/\/pasaenmendoza.com\/index.php?rest_route=\/wp\/v2\/posts\/15156"}],"collection":[{"href":"https:\/\/pasaenmendoza.com\/index.php?rest_route=\/wp\/v2\/posts"}],"about":[{"href":"https:\/\/pasaenmendoza.com\/index.php?rest_route=\/wp\/v2\/types\/post"}],"author":[{"embeddable":true,"href":"https:\/\/pasaenmendoza.com\/index.php?rest_route=\/wp\/v2\/users\/2"}],"replies":[{"embeddable":true,"href":"https:\/\/pasaenmendoza.com\/index.php?rest_route=%2Fwp%2Fv2%2Fcomments&post=15156"}],"version-history":[{"count":1,"href":"https:\/\/pasaenmendoza.com\/index.php?rest_route=\/wp\/v2\/posts\/15156\/revisions"}],"predecessor-version":[{"id":15158,"href":"https:\/\/pasaenmendoza.com\/index.php?rest_route=\/wp\/v2\/posts\/15156\/revisions\/15158"}],"wp:featuredmedia":[{"embeddable":true,"href":"https:\/\/pasaenmendoza.com\/index.php?rest_route=\/wp\/v2\/media\/15157"}],"wp:attachment":[{"href":"https:\/\/pasaenmendoza.com\/index.php?rest_route=%2Fwp%2Fv2%2Fmedia&parent=15156"}],"wp:term":[{"taxonomy":"category","embeddable":true,"href":"https:\/\/pasaenmendoza.com\/index.php?rest_route=%2Fwp%2Fv2%2Fcategories&post=15156"},{"taxonomy":"post_tag","embeddable":true,"href":"https:\/\/pasaenmendoza.com\/index.php?rest_route=%2Fwp%2Fv2%2Ftags&post=15156"}],"curies":[{"name":"wp","href":"https:\/\/api.w.org\/{rel}","templated":true}]}}