{"id":15159,"date":"2025-10-09T15:28:54","date_gmt":"2025-10-09T13:28:54","guid":{"rendered":"https:\/\/pasaenmendoza.com\/?p=15159"},"modified":"2025-10-09T15:28:55","modified_gmt":"2025-10-09T13:28:55","slug":"pelea-entre-colegios-en-el-parque-civico-un-alumno-del-martin-zapata-herido","status":"publish","type":"post","link":"https:\/\/pasaenmendoza.com\/?p=15159","title":{"rendered":"Pelea entre colegios en el Parque C\u00edvico: un alumno del Mart\u00edn Zapata herido"},"content":{"rendered":"\n<p>Un&nbsp;<strong>enfrentamiento entre estudiantes<\/strong>&nbsp;de las escuelas&nbsp;<strong>Mart\u00edn Zapata y Adolfo P\u00e9rez Esquivel<\/strong>&nbsp;termin\u00f3 con varios heridos y un joven internado en terapia intensiva y estado delicado en el Hospital Espa\u00f1ol.<\/p>\n\n\n\n<p>Seg\u00fan informaron desde el ministerio de Seguridad al&nbsp;<em>Post<\/em>, en circunstancias &#8220;no del todo claras&#8221;, los alumnos de ambas escuelas se habr\u00edan agredido en el marco de una ri\u00f1a o robo. El enfrentamiento tuvo lugar este mi\u00e9rcoles en el&nbsp;<strong>Parque C\u00edvico<\/strong>&nbsp;y debi\u00f3 intervenir la polic\u00eda.<\/p>\n\n\n\n<p>La batalla campal cont\u00f3 con varios participantes a uno y otro lado, y escal\u00f3 con una violencia inusitada. En ese marco, los j\u00f3venes se agredieron a piedrazos y varios estudiantes terminaron heridos.<\/p>\n\n\n\n<p><strong>Seg\u00fan a\u00f1adieron, uno de los estudiantes de la Escuela de Comercio Mart\u00edn Zapata recibi\u00f3 un golpe en la cabeza que lo hiri\u00f3 seriamente<\/strong>. El joven en cuesti\u00f3n, estudiante de tercer a\u00f1o de la escuela perteneciente a la Universidad Nacional de Cuyo,\u00a0\u00a0<strong>se encuentra internado en terapia intensiva del Hospital Espa\u00f1ol con una grave herida en su cabeza que habr\u00eda afectado su cr\u00e1neo<\/strong>\u00a0en la zona del parietal.<\/p>\n\n\n\n<p>Autoridades del Ministerio de Seguridad detallaron que los estudiantes heridos fueron tres, uno de 16 a\u00f1os y otros dos de 17 a\u00f1os. El m\u00e1s joven de ellos result\u00f3 con un traumatismo enc\u00e9falo craneano y herida en la regi\u00f3n occipital (es el que termin\u00f3 hospitalizado), mientras que otro sufri\u00f3 un traumatismo enc\u00e9falo craneano sin p\u00e9rdida de conocimiento -a quien adem\u00e1s le robaron un tel\u00e9fono-, y un tercer estudiante acab\u00f3 con una herida cortante en su o\u00eddo derecho.<\/p>\n\n\n\n<p>Autoridades de la Escuela de Comercio Mart\u00edn Zapata declararon al Post que se est\u00e1 trabajando de manera coordinada entre las autoridades universitarias y la polic\u00eda al respecto.&nbsp;<strong>&#8220;Tenemos identificado al grupo&#8221;<\/strong>, aseguraron.<\/p>\n\n\n\n<p>En tanto que, desde la DGE, advirtieron que la informaci\u00f3n &#8220;no es del todo clara&#8221; y que la directora del colegio se enter\u00f3 por la familia de un estudiante, mientras que detallaron que se tomar\u00e1n medidas al respecto.<\/p>\n\n\n\n<p>&#8220;La supervisora ha convocado a los estudiantes involucrados y los adultos responsables. Se desconocen los motivos del enfrentamiento&#8221;, subrayaron desde la DGE.<\/p>\n\n\n\n<p>En tanto que a\u00f1adieron que &#8220;se van a considerar posibles sanciones&#8221; y las acciones que se tomar\u00e1n de manera coordinada con la Universidad Nacional de Cuyo al respecto.<\/p>\n\n\n\n<p><strong>Fuente: www.mendozapost.com<\/strong><\/p>\n","protected":false},"excerpt":{"rendered":"<p>Un&nbsp;enfrentamiento entre estudiantes&nbsp;de las escuelas&nbsp;Mart\u00edn Zapata y Adolfo P\u00e9rez Esquivel&nbsp;termin\u00f3 con varios heridos y un joven internado en terapia intensiva y estado delicado en el Hospital Espa\u00f1ol. Seg\u00fan informaron desde el ministerio de Seguridad al&nbsp;Post, en circunstancias &#8220;no del todo claras&#8221;, los alumnos de ambas escuelas se habr\u00edan agredido en el marco de una ri\u00f1a [&hellip;]<\/p>\n","protected":false},"author":2,"featured_media":15160,"comment_status":"open","ping_status":"open","sticky":false,"template":"","format":"standard","meta":[],"categories":[48],"tags":[],"_links":{"self":[{"href":"https:\/\/pasaenmendoza.com\/index.php?rest_route=\/wp\/v2\/posts\/15159"}],"collection":[{"href":"https:\/\/pasaenmendoza.com\/index.php?rest_route=\/wp\/v2\/posts"}],"about":[{"href":"https:\/\/pasaenmendoza.com\/index.php?rest_route=\/wp\/v2\/types\/post"}],"author":[{"embeddable":true,"href":"https:\/\/pasaenmendoza.com\/index.php?rest_route=\/wp\/v2\/users\/2"}],"replies":[{"embeddable":true,"href":"https:\/\/pasaenmendoza.com\/index.php?rest_route=%2Fwp%2Fv2%2Fcomments&post=15159"}],"version-history":[{"count":1,"href":"https:\/\/pasaenmendoza.com\/index.php?rest_route=\/wp\/v2\/posts\/15159\/revisions"}],"predecessor-version":[{"id":15161,"href":"https:\/\/pasaenmendoza.com\/index.php?rest_route=\/wp\/v2\/posts\/15159\/revisions\/15161"}],"wp:featuredmedia":[{"embeddable":true,"href":"https:\/\/pasaenmendoza.com\/index.php?rest_route=\/wp\/v2\/media\/15160"}],"wp:attachment":[{"href":"https:\/\/pasaenmendoza.com\/index.php?rest_route=%2Fwp%2Fv2%2Fmedia&parent=15159"}],"wp:term":[{"taxonomy":"category","embeddable":true,"href":"https:\/\/pasaenmendoza.com\/index.php?rest_route=%2Fwp%2Fv2%2Fcategories&post=15159"},{"taxonomy":"post_tag","embeddable":true,"href":"https:\/\/pasaenmendoza.com\/index.php?rest_route=%2Fwp%2Fv2%2Ftags&post=15159"}],"curies":[{"name":"wp","href":"https:\/\/api.w.org\/{rel}","templated":true}]}}