{"id":15162,"date":"2025-10-09T15:33:26","date_gmt":"2025-10-09T13:33:26","guid":{"rendered":"https:\/\/pasaenmendoza.com\/?p=15162"},"modified":"2025-10-09T15:33:27","modified_gmt":"2025-10-09T13:33:27","slug":"familiares-reclamaron-por-el-policia-que-tiroteo-y-mato-a-un-ladron-en-lujan","status":"publish","type":"post","link":"https:\/\/pasaenmendoza.com\/?p=15162","title":{"rendered":"Familiares reclamaron por el polic\u00eda que tirote\u00f3 y mat\u00f3 a un ladr\u00f3n en Luj\u00e1n"},"content":{"rendered":"\n<p>Familiares y allegados de Jos\u00e9 Eliseo Funes, el polic\u00eda que bale\u00f3 a un presunto ladr\u00f3n en Luj\u00e1n de Cuyo y le caus\u00f3 la muerte, se manifestaron en la noche del mi\u00e9rcoles en la comisar\u00eda 11 de ese departamento pidiendo un cambio en la calificaci\u00f3n, ya que arriesga perpetua.<\/p>\n\n\n\n<p>Este jueves por la ma\u00f1ana hicieron otro reclamo, pero en el Polo Judicial con la intenci\u00f3n de que el fiscal de Homicidios, Gustavo Pirrello, reconsidere la situaci\u00f3n procesal del polic\u00eda, actualmente imputado por homicidio agravado.<\/p>\n\n\n\n<p>Para Pirrello, hubo tres cuestiones que decidieron precisamente esa calificaci\u00f3n: en primer lugar, que el polic\u00eda conoc\u00eda el veh\u00edculo en el que se movilizaba la v\u00edctima, Federico Rub\u00e9n Garc\u00eda, un Chevrolet Prisma; en segundo lugar, la investigaci\u00f3n paralela que hizo sobre el robo que hab\u00eda sufrido d\u00edas atr\u00e1s; y, en tercer orden, la forma en que actu\u00f3 cuando lo encontr\u00f3 e inici\u00f3 el tiroteo en una de las calles m\u00e1s transitada de Luj\u00e1n.<\/p>\n\n\n\n<p>Las primeras explicaciones que dio el uniformado a la Justicia dieron cuenta que hab\u00eda sufrido un robo por parte de la misma persona el viernes anterior. Seg\u00fan su relato, Garc\u00eda le abri\u00f3 el auto y le sustrajo, entre otras pertenencias personales, su arma reglamentaria.<\/p>\n\n\n\n<p>D\u00edas despu\u00e9s, mientras realizaba compras se lo encontr\u00f3, le dio la voz de alto, le dijo que era polic\u00eda, pero explic\u00f3 que el ex convicto decidi\u00f3 escapar en el Prisma. En ese punto, dispar\u00f3 en ocho oportunidades. Un proyectil impact\u00f3 en la cabeza de Garc\u00eda, que muri\u00f3 horas despu\u00e9s en el hospital Central debido a la gravedad de la lesi\u00f3n.<\/p>\n\n\n\n<p><strong>Fuente: www.elsol.com.ar<\/strong><\/p>\n","protected":false},"excerpt":{"rendered":"<p>Familiares y allegados de Jos\u00e9 Eliseo Funes, el polic\u00eda que bale\u00f3 a un presunto ladr\u00f3n en Luj\u00e1n de Cuyo y le caus\u00f3 la muerte, se manifestaron en la noche del mi\u00e9rcoles en la comisar\u00eda 11 de ese departamento pidiendo un cambio en la calificaci\u00f3n, ya que arriesga perpetua. Este jueves por la ma\u00f1ana hicieron otro [&hellip;]<\/p>\n","protected":false},"author":2,"featured_media":15163,"comment_status":"open","ping_status":"open","sticky":false,"template":"","format":"standard","meta":[],"categories":[48],"tags":[],"_links":{"self":[{"href":"https:\/\/pasaenmendoza.com\/index.php?rest_route=\/wp\/v2\/posts\/15162"}],"collection":[{"href":"https:\/\/pasaenmendoza.com\/index.php?rest_route=\/wp\/v2\/posts"}],"about":[{"href":"https:\/\/pasaenmendoza.com\/index.php?rest_route=\/wp\/v2\/types\/post"}],"author":[{"embeddable":true,"href":"https:\/\/pasaenmendoza.com\/index.php?rest_route=\/wp\/v2\/users\/2"}],"replies":[{"embeddable":true,"href":"https:\/\/pasaenmendoza.com\/index.php?rest_route=%2Fwp%2Fv2%2Fcomments&post=15162"}],"version-history":[{"count":1,"href":"https:\/\/pasaenmendoza.com\/index.php?rest_route=\/wp\/v2\/posts\/15162\/revisions"}],"predecessor-version":[{"id":15164,"href":"https:\/\/pasaenmendoza.com\/index.php?rest_route=\/wp\/v2\/posts\/15162\/revisions\/15164"}],"wp:featuredmedia":[{"embeddable":true,"href":"https:\/\/pasaenmendoza.com\/index.php?rest_route=\/wp\/v2\/media\/15163"}],"wp:attachment":[{"href":"https:\/\/pasaenmendoza.com\/index.php?rest_route=%2Fwp%2Fv2%2Fmedia&parent=15162"}],"wp:term":[{"taxonomy":"category","embeddable":true,"href":"https:\/\/pasaenmendoza.com\/index.php?rest_route=%2Fwp%2Fv2%2Fcategories&post=15162"},{"taxonomy":"post_tag","embeddable":true,"href":"https:\/\/pasaenmendoza.com\/index.php?rest_route=%2Fwp%2Fv2%2Ftags&post=15162"}],"curies":[{"name":"wp","href":"https:\/\/api.w.org\/{rel}","templated":true}]}}