{"id":15165,"date":"2025-10-09T15:45:36","date_gmt":"2025-10-09T13:45:36","guid":{"rendered":"https:\/\/pasaenmendoza.com\/?p=15165"},"modified":"2025-10-09T15:45:37","modified_gmt":"2025-10-09T13:45:37","slug":"javier-milei-llega-a-mendoza-con-un-cambio-de-planes-lo-que-tenes-que-saber-de-la-visita-del-presidente","status":"publish","type":"post","link":"https:\/\/pasaenmendoza.com\/?p=15165","title":{"rendered":"Javier Milei llega a Mendoza con un cambio de planes: lo que ten\u00e9s que saber de la visita del presidente"},"content":{"rendered":"\n<p>El presidente de la Naci\u00f3n,&nbsp;<strong>Javier Milei<\/strong>, visita Mendoza este jueves. Primero, el jefe de Estado dar\u00e1 el presente en el tradicional&nbsp;<strong>almuerzo de las Fuerzas Vivas<\/strong>&nbsp;en&nbsp;<strong>San Rafael&nbsp;<\/strong>que se realizar\u00e1 en el Centro de Congresos y Exposiciones \u201c<em>Alfredo R. Bufano<\/em>\u201d. Y, ya en horas de la tarde, har\u00e1 una&nbsp;<strong>caminata por la Peatonal Sarmiento<\/strong>&nbsp;en la Ciudad de Mendoza.<\/p>\n\n\n\n<p>En un principio,\u00a0<strong>Milei\u00a0<\/strong>\u00fanicamente pensaba tener actividad en el sur con un paso fugaz y sin agenda en el Gran Mendoza, pero\u00a0<strong>esto cambi\u00f3 en las \u00faltimas horas del mi\u00e9rcoles, cuando se dio a conocer que la Capital tambi\u00e9n fue incluida en el itinerario.<\/strong>\u00a0En todo momento, el \u201c<em>Le\u00f3n<\/em>\u201d estar\u00e1 acompa\u00f1ado por el ministro de Defensa de la Naci\u00f3n y primer candidato a diputado nacional en la lista La Libertad Avanza + CM,\u00a0<strong>Luis Petri<\/strong>. Adem\u00e1s, se confirm\u00f3 que estar\u00e1 su hermana y secretaria general de la Presidencia,\u00a0<strong>Karina Milei\u00a0<\/strong>-en principio, ven\u00eda sin comitiva-.<\/p>\n\n\n\n<p>En el almuerzo en San Rafael, tambi\u00e9n dar\u00e1n el presente intendentes e integrantes del Gabinete provincial, que flanquear\u00e1n al gobernador&nbsp;<strong>Alfredo<\/strong>&nbsp;<strong>Cornejo<\/strong>. Tanto&nbsp;<strong>Milei&nbsp;<\/strong>como&nbsp;<strong>Cornejo&nbsp;<\/strong>-aliados electorales de cara a las elecciones de medio t\u00e9rmino que se celebrar\u00e1n el 26 de octubre- brindar\u00e1n un discurso frente a empresarios, dirigentes pol\u00edticos, autoridades militares, eclesi\u00e1sticas y sociales.&nbsp;<strong>Milei&nbsp;<\/strong>ser\u00e1 el encargado de darle cierre a la jornada.<\/p>\n\n\n\n<p><em>\u201cHay que reconocer que la<strong>\u00a0inflaci\u00f3n<\/strong>\u00a0galopante que ten\u00edamos ya no es tal, y ahora lo que m\u00e1s necesitamos es\u00a0<strong>avanzar con una reforma laboral, que nos de ox\u00edgeno\u00a0<\/strong>en este sentido\u201d<\/em>, anticip\u00f3 a\u00a0<em>LVDiez\u00a0<\/em><strong>Gabriel Brega<\/strong>, titular de la C\u00e1mara de Comercio sanrafaelina, en relaci\u00f3n a los pedidos que dir\u00e1n en voz alta desde el sector empresario.<\/p>\n\n\n\n<p>En tanto, se prev\u00e9 un fuerte operativo policial dado que ser\u00e1n 750 personas las que asistir\u00e1n al evento en el Centro de Congresos y Exposiciones de San Rafael. Como ya anticip\u00f3&nbsp;<em>El Sol<\/em>, habr\u00e1 comunicaciones permanentes entre el&nbsp;<strong>Gobierno de Mendoza<\/strong>, el&nbsp;<strong>Ministerio de Seguridad de la Naci\u00f3n<\/strong>,&nbsp;<strong>Casa Militar<\/strong>&nbsp;y la&nbsp;<strong>C\u00e1mara de Comercio de San Rafael<\/strong>, con el objetivo de&nbsp;<strong>coordinar todos los detalles log\u00edsticos y de seguridad<\/strong>.<\/p>\n\n\n\n<p>El dispositivo principal estar\u00e1 a cargo de la\u00a0<strong>Polic\u00eda Federal<\/strong>\u00a0y la\u00a0<strong>Casa Militar<\/strong>, que son responsables de la seguridad presidencial. Por su parte, la cartera local encabezada por Mercedes Rus se ocupar\u00e1 de los\u00a0<strong>anillos externos<\/strong>\u00a0y del\u00a0<strong>ordenamiento y control vial\u00a0<\/strong>en la zona del evento, explicaron desde Seguridad.<\/p>\n\n\n\n<p>Respecto a la&nbsp;<strong>agenda en la Ciudad de Mendoza<\/strong>, no hay novedades en lo que refiere a las tareas que llevar\u00e1 adelante el Ministerio de Seguridad. El operativo en la zona centro de la Capital \u201cser\u00e1 similar\u201d, dijeron a este medio y el protagonismo tambi\u00e9n lo tendr\u00e1n la Casa Militar y la Polic\u00eda Federal.<\/p>\n\n\n\n<p>Desde la municipalidad capitalina, conducida por\u00a0<strong>Ulpiano Suarez<\/strong>, tomaron con sorpresa la nueva parada que har\u00e1 el presidente. Una fuente del entorno del intendente consultada asever\u00f3 que Suarez \u201c<em>tiene otras actividades en agenda\u201d<\/em>, por lo que no se mostrar\u00e1 junto a\u00a0<strong>Milei<\/strong>.<\/p>\n\n\n\n<h2 class=\"wp-block-heading\" id=\"h-milei-en-tierras-peronistas-y-la-denuncia-de-casado\">Milei en tierras peronistas y la denuncia de Casado<\/h2>\n\n\n\n<p><strong>Javier Milei\u00a0<\/strong>pisar\u00e1 suelo peronista, considerando que San Rafael es un municipio gobernado por la \u201cdinast\u00eda\u201d\u00a0<strong>F\u00e9lix\u00a0<\/strong>hace a\u00f1os con\u00a0<strong>Omar\u00a0<\/strong>y\u00a0<strong>Emir\u00a0<\/strong>(este \u00faltimo es actual candidato a diputado nacional).\u00a0<strong>Hebe Casado<\/strong>, vicegobernadora y rival pol\u00edtica de los hermanos en ese departamento, calent\u00f3 la previa al afirmar que podr\u00edan producirse desmanes alentados por el municipio. Sus declaraciones se dieron en el marco de lo sucedido en otros puntos del pa\u00eds, donde\u00a0<strong>Javier Milei<\/strong>\u00a0fue repudiado y algunas recorridas terminaron con incidentes en medio de protestas.<\/p>\n\n\n\n<p>El peronismo sure\u00f1o, a trav\u00e9s de los alfiles de los\u00a0<strong>F\u00e9lix<\/strong>, critic\u00f3 los dichos de Casado al aseverar que\u00a0<em>\u201celige acusar sin pruebas, \u0443 mentir para llamar la atenci\u00f3n<\/em>\u201d y que todos los presidentes visitaron San Rafael con respeto, trabajo \u0443 paz social.<\/p>\n\n\n\n<p><strong>Fuente: www.elsol.com.ar<\/strong><\/p>\n","protected":false},"excerpt":{"rendered":"<p>El presidente de la Naci\u00f3n,&nbsp;Javier Milei, visita Mendoza este jueves. Primero, el jefe de Estado dar\u00e1 el presente en el tradicional&nbsp;almuerzo de las Fuerzas Vivas&nbsp;en&nbsp;San Rafael&nbsp;que se realizar\u00e1 en el Centro de Congresos y Exposiciones \u201cAlfredo R. Bufano\u201d. Y, ya en horas de la tarde, har\u00e1 una&nbsp;caminata por la Peatonal Sarmiento&nbsp;en la Ciudad de Mendoza. [&hellip;]<\/p>\n","protected":false},"author":2,"featured_media":15166,"comment_status":"open","ping_status":"open","sticky":false,"template":"","format":"standard","meta":[],"categories":[47],"tags":[],"_links":{"self":[{"href":"https:\/\/pasaenmendoza.com\/index.php?rest_route=\/wp\/v2\/posts\/15165"}],"collection":[{"href":"https:\/\/pasaenmendoza.com\/index.php?rest_route=\/wp\/v2\/posts"}],"about":[{"href":"https:\/\/pasaenmendoza.com\/index.php?rest_route=\/wp\/v2\/types\/post"}],"author":[{"embeddable":true,"href":"https:\/\/pasaenmendoza.com\/index.php?rest_route=\/wp\/v2\/users\/2"}],"replies":[{"embeddable":true,"href":"https:\/\/pasaenmendoza.com\/index.php?rest_route=%2Fwp%2Fv2%2Fcomments&post=15165"}],"version-history":[{"count":1,"href":"https:\/\/pasaenmendoza.com\/index.php?rest_route=\/wp\/v2\/posts\/15165\/revisions"}],"predecessor-version":[{"id":15167,"href":"https:\/\/pasaenmendoza.com\/index.php?rest_route=\/wp\/v2\/posts\/15165\/revisions\/15167"}],"wp:featuredmedia":[{"embeddable":true,"href":"https:\/\/pasaenmendoza.com\/index.php?rest_route=\/wp\/v2\/media\/15166"}],"wp:attachment":[{"href":"https:\/\/pasaenmendoza.com\/index.php?rest_route=%2Fwp%2Fv2%2Fmedia&parent=15165"}],"wp:term":[{"taxonomy":"category","embeddable":true,"href":"https:\/\/pasaenmendoza.com\/index.php?rest_route=%2Fwp%2Fv2%2Fcategories&post=15165"},{"taxonomy":"post_tag","embeddable":true,"href":"https:\/\/pasaenmendoza.com\/index.php?rest_route=%2Fwp%2Fv2%2Ftags&post=15165"}],"curies":[{"name":"wp","href":"https:\/\/api.w.org\/{rel}","templated":true}]}}