{"id":15169,"date":"2025-10-09T22:51:26","date_gmt":"2025-10-09T20:51:26","guid":{"rendered":"https:\/\/pasaenmendoza.com\/?p=15169"},"modified":"2025-10-09T22:51:27","modified_gmt":"2025-10-09T20:51:27","slug":"motor-economico-godoy-cruz-lanzara-un-plan-de-credito-y-acompanamiento-para-pymes","status":"publish","type":"post","link":"https:\/\/pasaenmendoza.com\/?p=15169","title":{"rendered":"Motor econ\u00f3mico: Godoy Cruz lanzar\u00e1 un plan de cr\u00e9dito y acompa\u00f1amiento para pymes"},"content":{"rendered":"\n<p>La\u00a0<strong>Municipalidad de Godoy Cruz<\/strong>\u00a0y el\u00a0<strong>Fondo para la Transformaci\u00f3n y el Crecimiento (FTyC)<\/strong>\u00a0firmaron un\u00a0<strong>convenio de colaboraci\u00f3n<\/strong>\u00a0con el objetivo de\u00a0<strong>facilitar el acceso al cr\u00e9dito<\/strong>\u00a0a los\u00a0<strong>emprendedores locales<\/strong>. El acuerdo fue rubricado por el\u00a0<strong>intendente\u00a0Diego Costarelli<\/strong>\u00a0y la\u00a0<strong>directora Ejecutiva del FTyC, Laura Carolina Torres<\/strong>, en un encuentro que tambi\u00e9n cont\u00f3 con la presencia de la\u00a0<strong>secretaria de Desarrollo Humano, Florencia Santoni<\/strong>.<\/p>\n\n\n\n<p>El prop\u00f3sito de esta alianza es&nbsp;<strong>generar herramientas de impulso econ\u00f3mico<\/strong>&nbsp;y&nbsp;<strong>apoyo a las peque\u00f1as y medianas empresas godoicruce\u00f1as<\/strong>, fortaleciendo el entramado productivo del departamento.<\/p>\n\n\n\n<p>Bajo este\u00a0<strong>marco de colaboraci\u00f3n<\/strong>, ambas instituciones trabajar\u00e1n de manera conjunta en el\u00a0<strong>dise\u00f1o e implementaci\u00f3n de programas de asistencia financiera e institucional<\/strong>. Estas acciones estar\u00e1n orientadas a\u00a0<strong>fortalecer los proyectos productivos locales<\/strong>\u00a0y\u00a0<strong>promover el acceso a las l\u00edneas de cr\u00e9dito del FTyC<\/strong>, acercando estas oportunidades a los distintos sectores emprendedores del departamento.<\/p>\n\n\n\n<p>Adem\u00e1s del\u00a0<strong>financiamiento<\/strong>, el convenio incluye\u00a0<strong>asistencia t\u00e9cnica y acompa\u00f1amiento especializado<\/strong>\u00a0para\u00a0<strong>emprendedores y Pymes<\/strong>, con el objetivo de que puedan\u00a0<strong>desarrollar sus iniciativas de forma sostenible<\/strong>,\u00a0<strong>mejorar su competitividad<\/strong>\u00a0y\u00a0<strong>ampliar su impacto econ\u00f3mico<\/strong>\u00a0en la comunidad.<\/p>\n\n\n\n<p>Tanto el\u00a0<strong>Municipio<\/strong>\u00a0como el\u00a0<strong>Fondo<\/strong>\u00a0se comprometieron a\u00a0<strong>difundir las l\u00edneas de cr\u00e9dito disponibles<\/strong>, garantizando que\u00a0<strong>cada\u00a0emprendimiento\u00a0con potencial de crecimiento<\/strong>\u00a0conozca y acceda a las\u00a0<strong>herramientas de apoyo<\/strong>\u00a0ofrecidas.<\/p>\n\n\n\n<p><strong>Fuente: www.diariomendoza.com.ar<\/strong><\/p>\n","protected":false},"excerpt":{"rendered":"<p>La\u00a0Municipalidad de Godoy Cruz\u00a0y el\u00a0Fondo para la Transformaci\u00f3n y el Crecimiento (FTyC)\u00a0firmaron un\u00a0convenio de colaboraci\u00f3n\u00a0con el objetivo de\u00a0facilitar el acceso al cr\u00e9dito\u00a0a los\u00a0emprendedores locales. El acuerdo fue rubricado por el\u00a0intendente\u00a0Diego Costarelli\u00a0y la\u00a0directora Ejecutiva del FTyC, Laura Carolina Torres, en un encuentro que tambi\u00e9n cont\u00f3 con la presencia de la\u00a0secretaria de Desarrollo Humano, Florencia Santoni. El [&hellip;]<\/p>\n","protected":false},"author":2,"featured_media":15170,"comment_status":"open","ping_status":"open","sticky":false,"template":"","format":"standard","meta":[],"categories":[115],"tags":[],"_links":{"self":[{"href":"https:\/\/pasaenmendoza.com\/index.php?rest_route=\/wp\/v2\/posts\/15169"}],"collection":[{"href":"https:\/\/pasaenmendoza.com\/index.php?rest_route=\/wp\/v2\/posts"}],"about":[{"href":"https:\/\/pasaenmendoza.com\/index.php?rest_route=\/wp\/v2\/types\/post"}],"author":[{"embeddable":true,"href":"https:\/\/pasaenmendoza.com\/index.php?rest_route=\/wp\/v2\/users\/2"}],"replies":[{"embeddable":true,"href":"https:\/\/pasaenmendoza.com\/index.php?rest_route=%2Fwp%2Fv2%2Fcomments&post=15169"}],"version-history":[{"count":1,"href":"https:\/\/pasaenmendoza.com\/index.php?rest_route=\/wp\/v2\/posts\/15169\/revisions"}],"predecessor-version":[{"id":15171,"href":"https:\/\/pasaenmendoza.com\/index.php?rest_route=\/wp\/v2\/posts\/15169\/revisions\/15171"}],"wp:featuredmedia":[{"embeddable":true,"href":"https:\/\/pasaenmendoza.com\/index.php?rest_route=\/wp\/v2\/media\/15170"}],"wp:attachment":[{"href":"https:\/\/pasaenmendoza.com\/index.php?rest_route=%2Fwp%2Fv2%2Fmedia&parent=15169"}],"wp:term":[{"taxonomy":"category","embeddable":true,"href":"https:\/\/pasaenmendoza.com\/index.php?rest_route=%2Fwp%2Fv2%2Fcategories&post=15169"},{"taxonomy":"post_tag","embeddable":true,"href":"https:\/\/pasaenmendoza.com\/index.php?rest_route=%2Fwp%2Fv2%2Ftags&post=15169"}],"curies":[{"name":"wp","href":"https:\/\/api.w.org\/{rel}","templated":true}]}}