{"id":1517,"date":"2023-09-18T14:24:58","date_gmt":"2023-09-18T12:24:58","guid":{"rendered":"https:\/\/pasaenmendoza.com\/?p=1517"},"modified":"2023-09-18T14:24:59","modified_gmt":"2023-09-18T12:24:59","slug":"una-mirada-lateral-sobre-el-debate-de-candidatos","status":"publish","type":"post","link":"https:\/\/pasaenmendoza.com\/?p=1517","title":{"rendered":"Una mirada lateral sobre el debate de candidatos"},"content":{"rendered":"\n<h2 class=\"wp-block-heading\">El debate \u00fanico, p\u00fablico y obligatorio se vio este domingo a trav\u00e9s de la transmisi\u00f3n que hizo el equipo de Canal 7. Pero fuera de c\u00e1mara tambi\u00e9n pasaron cosas<\/h2>\n\n\n\n<p>A las siete de la tarde del domingo empezaron a llegar periodistas y referentes pol\u00edticos de distintas fuerzas al Espacio Cultural Julio Le Parc (Guaymall\u00e9n), que fue el punto elegido para el evento.&nbsp;<strong>En los portones de ingreso hab\u00eda un hombre claramente desequilibrado<\/strong>&nbsp;que repart\u00eda folletos con un texto incomprensible. Rogaba que alguien transmitiera sus ideas a los candidatos. El tema es que&nbsp;<strong>no se entend\u00eda cu\u00e1les eran esas ideas<\/strong>.<\/p>\n\n\n\n<p>Con el correr de los minutos, se vio entrar al presidente de la Suprema Corte de Justicia,&nbsp;<strong>Dalmiro Garay<\/strong>, al titular de la Junta Electoral,&nbsp;<strong>Jorge Albarrac\u00edn<\/strong>, a peronistas &#8211;<strong>Flor Dest\u00e9fanis, Fernando Ubieta<\/strong>-, exponentes de La Uni\u00f3n Mendocina &#8211;<strong>Jorge Difonso, Daniel Orozco<\/strong>&#8211; muchos radicales &#8211;<strong>Mart\u00edn Kerchner, Lisandro Nieri, Jimena Latorre<\/strong>-,&nbsp;<strong>Verdes y gente del FIT<\/strong>.<\/p>\n\n\n\n<p>Ya adentro del edificio,\u00a0<strong>el clima era similar al de una especie de cumplea\u00f1os dividido en grupos de parientes lejanos<\/strong>.<\/p>\n\n\n\n<h2 class=\"wp-block-heading\">Adentro del Le Parc<\/h2>\n\n\n\n<p>No hab\u00eda, por lo dem\u00e1s, demasiado lugar para la espontaneidad, porque&nbsp;<strong>toda la situaci\u00f3n estuvo fuertemente codificada<\/strong>.<\/p>\n\n\n\n<p>Como ejemplo vale resaltar el sistema de&nbsp;<strong>distribuci\u00f3n de los asientos<\/strong>&nbsp;para los espectadores. La parte de la sala m\u00e1s cercana al escenario estaba reservada a<strong>&nbsp;pol\u00edticos y adl\u00e1teres<\/strong>, mientras que para los periodistas se dej\u00f3&nbsp;<strong>la zona del fondo<\/strong>.<\/p>\n\n\n\n<p>Y entre la prensa hubo&nbsp;<strong>subespecies<\/strong>: los que llevaban&nbsp;<strong>pulsera roja<\/strong>&nbsp;ten\u00edan acceso a todos lados, los que la ten\u00edan&nbsp;<strong>gris<\/strong>&nbsp;estaban autorizados a ir a la sala del evento y los que la llevaban&nbsp;<strong>azul<\/strong>&nbsp;esperaban en los pasillos exteriores. Cada uno con su color, como&nbsp;<strong>los mentados Parch\u00eds<\/strong>.<\/p>\n\n\n\n<p>Lo m\u00e1s divertido fue que cuando comenz\u00f3 el debate\u00a0<strong>hab\u00eda por lo menos cuarenta butacas vac\u00edas en las primeras filas del auditorio<\/strong>. Nadie la pudo ocupar \u00bfPor qu\u00e9?\u00a0<strong>Porque s\u00ed<\/strong>.<\/p>\n\n\n\n<h2 class=\"wp-block-heading\">Se llama debate&#8230; pero no es debate<\/h2>\n\n\n\n<p>A decir verdad,<strong>&nbsp;no fue un debate propiamente dicho<\/strong>, porque no se permiti\u00f3 que&nbsp;<strong>Alfredo Cornejo, Omar De Marchi, Mario Vadillo, Lautaro Jim\u00e9nez y Omar Parisi<\/strong>&nbsp;dialogaran entre s\u00ed.<\/p>\n\n\n\n<p>El intercambio de opiniones fue por turnos y de acuerdo al sorteo previo.\u00a0<strong>Una discusi\u00f3n pol\u00edtica con reglas del Ludomatic<\/strong>. Y la l\u00f3gica se repiti\u00f3 tanto en las intervenciones de los candidatos a la gobernaci\u00f3n como en las de los candidatos a vice, que\u00a0<strong>entraron y salieron con la fugacidad de los relojes cuc\u00fa<\/strong>.<\/p>\n\n\n\n<p>En suma: el resultado del sistema fue que, a poco de escucharlos, uno se ve\u00eda tentado a&nbsp;<strong>subir al escenario para dar vuelta a los oradores y ver si en la espalda ten\u00edan alguna manija para darles cuerda: eran como engendros mec\u00e1nicos<\/strong>. As\u00ed de acartonado, guionado y falto de chispa fue el tono general.<\/p>\n\n\n\n<p>Mientras los otros hablaban,&nbsp;<strong>Cornejo<\/strong>&nbsp;permanec\u00eda imperturbable,&nbsp;<strong>De Marchi<\/strong>&nbsp;tomaba notas,&nbsp;<strong>Vadillo<\/strong>&nbsp;observaba con iron\u00eda -mano en la cintura-,<strong>&nbsp;Jim\u00e9nez<\/strong>&nbsp;mensajeaba por celular y&nbsp;<strong>Parisi<\/strong>&nbsp;era, quiz\u00e1, el \u00fanico que se anim\u00f3 a sentarse.<\/p>\n\n\n\n<h2 class=\"wp-block-heading\">Los asesores y los saludos<\/h2>\n\n\n\n<p>Si uno paraba la oreja en la sala, se daba cuenta de que&nbsp;<strong>exist\u00eda otra dimensi\u00f3n del debate<\/strong>: la que se desarrollaba en&nbsp;<strong>Twitter, ahora llamada &#8220;X&#8221;<\/strong>. Est\u00e1 claro que exist\u00edan memes y flyers previamente preparados que se fueron &#8220;tirando&#8221; conforme avanzaba la velada.<\/p>\n\n\n\n<p><strong>&#8220;Est\u00e1n a full los muchachos&#8221;<\/strong>, cuchiche\u00f3 un conocido referente en relaci\u00f3n al comando tuitero de su fuerza, sin saber que al lado ten\u00eda a un periodista que lo estaba oyendo.<\/p>\n\n\n\n<p>Cada vez que la transmisi\u00f3n televisiva ten\u00eda cortes,&nbsp;<strong>un asesor designado por cada candidato&nbsp;<\/strong>se levantaba del asiento para dar consejos a su pollo. Eran especialistas en comunicaci\u00f3n pol\u00edtica, algunos m\u00e1s conocidos que otros. Y llam\u00f3 la atenci\u00f3n que el &#8220;coach&#8221; de De Marchi fuera su sobrino e intendente de Luj\u00e1n,&nbsp;<strong>Sebasti\u00e1n Bragagnolo<\/strong>.<\/p>\n\n\n\n<p>Fueron, para resumir el&nbsp;<strong>bodrio<\/strong>, dos horas cuyo aburrimiento podr\u00eda anotarse en la larga lista de problemas que ya tiene la provincia. Por suerte en alg\u00fan momento termin\u00f3.<\/p>\n\n\n\n<p>Se apagaron las luces. Detr\u00e1s del escenario, hubo saludos con cierto aire clandestino. No fueron todos, claro est\u00e1; pero s\u00ed que\u00a0<strong>hubo apretones de manos y besos que algunos candidatos tienen prohibido mostrar puertas afuera<\/strong>. Es que, como aquellos grupos\u00a0<em>teen<\/em>\u00a0de los ochenta,\u00a0<strong>se deben a su p\u00fablico.<\/strong><\/p>\n\n\n\n<p>FUENTE: diariouno.com.ar<\/p>\n","protected":false},"excerpt":{"rendered":"<p>El debate \u00fanico, p\u00fablico y obligatorio se vio este domingo a trav\u00e9s de la transmisi\u00f3n que hizo el equipo de Canal 7. Pero fuera de c\u00e1mara tambi\u00e9n pasaron cosas A las siete de la tarde del domingo empezaron a llegar periodistas y referentes pol\u00edticos de distintas fuerzas al Espacio Cultural Julio Le Parc (Guaymall\u00e9n), que [&hellip;]<\/p>\n","protected":false},"author":2,"featured_media":1519,"comment_status":"open","ping_status":"open","sticky":true,"template":"","format":"standard","meta":[],"categories":[47],"tags":[],"_links":{"self":[{"href":"https:\/\/pasaenmendoza.com\/index.php?rest_route=\/wp\/v2\/posts\/1517"}],"collection":[{"href":"https:\/\/pasaenmendoza.com\/index.php?rest_route=\/wp\/v2\/posts"}],"about":[{"href":"https:\/\/pasaenmendoza.com\/index.php?rest_route=\/wp\/v2\/types\/post"}],"author":[{"embeddable":true,"href":"https:\/\/pasaenmendoza.com\/index.php?rest_route=\/wp\/v2\/users\/2"}],"replies":[{"embeddable":true,"href":"https:\/\/pasaenmendoza.com\/index.php?rest_route=%2Fwp%2Fv2%2Fcomments&post=1517"}],"version-history":[{"count":1,"href":"https:\/\/pasaenmendoza.com\/index.php?rest_route=\/wp\/v2\/posts\/1517\/revisions"}],"predecessor-version":[{"id":1521,"href":"https:\/\/pasaenmendoza.com\/index.php?rest_route=\/wp\/v2\/posts\/1517\/revisions\/1521"}],"wp:featuredmedia":[{"embeddable":true,"href":"https:\/\/pasaenmendoza.com\/index.php?rest_route=\/wp\/v2\/media\/1519"}],"wp:attachment":[{"href":"https:\/\/pasaenmendoza.com\/index.php?rest_route=%2Fwp%2Fv2%2Fmedia&parent=1517"}],"wp:term":[{"taxonomy":"category","embeddable":true,"href":"https:\/\/pasaenmendoza.com\/index.php?rest_route=%2Fwp%2Fv2%2Fcategories&post=1517"},{"taxonomy":"post_tag","embeddable":true,"href":"https:\/\/pasaenmendoza.com\/index.php?rest_route=%2Fwp%2Fv2%2Ftags&post=1517"}],"curies":[{"name":"wp","href":"https:\/\/api.w.org\/{rel}","templated":true}]}}