{"id":15172,"date":"2025-10-09T22:55:53","date_gmt":"2025-10-09T20:55:53","guid":{"rendered":"https:\/\/pasaenmendoza.com\/?p=15172"},"modified":"2025-10-09T22:55:54","modified_gmt":"2025-10-09T20:55:54","slug":"alfredo-cornejo-apoyo-a-javier-milei-pero-le-pidio-una-reforma-de-la-coparticipacion-federal","status":"publish","type":"post","link":"https:\/\/pasaenmendoza.com\/?p=15172","title":{"rendered":"Alfredo Cornejo apoy\u00f3 a Javier Milei pero le pidi\u00f3 una reforma de la coparticipaci\u00f3n federal"},"content":{"rendered":"\n<p>El gobernador\u00a0<strong>Alfredo Cornejo<\/strong>\u00a0recibi\u00f3 al\u00a0presidente\u00a0<strong>Javier Milei<\/strong>\u00a0en San Rafael, durante el Almuerzo de las Fuerzas Vivas organizado por la C\u00e1mara de Comercio e Industria local. En su discurso, apoy\u00f3 la direcci\u00f3n del gobierno nacional y pidi\u00f3 reformas estructurales.<\/p>\n\n\n\n<p>Entre las tres principales, destac\u00f3 la necesidad de una nueva forma de distribuci\u00f3n de los&nbsp;<strong>recursos coparticipables<\/strong>. Sin ello, dijo, se dificulta la baja de la presi\u00f3n tributaria que reclama el sector empresario, especialmente en lo que hace a Ingresos Brutos.<\/p>\n\n\n\n<p>El gobernador de Mendoza tom\u00f3 la palabra tras los pedidos y el an\u00e1lisis que realiz\u00f3 el presidente de la C\u00e1mara de\u00a0<strong>San Rafael<\/strong>, Gabriel Brega, y el discurso del intendente,\u00a0<strong>Omar F\u00e9lix<\/strong>, y levant\u00f3 la bandera por la \u201cintegraci\u00f3n de los diversos oasis\u201d. Por eso, dijo, \u201chemos invertido como nadie en conectividad\u201d.<\/p>\n\n\n\n<p>\u201cLa pobreza solo se resuelve con sensatez, responsabilidad y renunciando a la demagogia\u201d, agreg\u00f3&nbsp;<strong>Cornejo<\/strong>, ante los aplausos de los presentes, y se dirigi\u00f3 al Presidente: &#8220;Nos comprometimos a que&nbsp;<strong>Javier Milei&nbsp;<\/strong>tenga \u00e9xito. Cuente con Mendoza, vamos a seguir tirando para el mismo lado. No tengo dudas de que si a Argentina le va bien, a Mendoza le ir\u00e1 a\u00fan mejor&#8221;.<\/p>\n\n\n\n<h2 class=\"wp-block-heading\">La lucha antigranizo, entre la postura del Gobierno y la del sector privado<\/h2>\n\n\n\n<p><strong>Gabriel Brega<\/strong>, anfitri\u00f3n de la jornada que cont\u00f3 con la presencia del Presidente, hizo referencia en parte de su discurso a la&nbsp;<strong>lucha antigranizo<\/strong>, sistema que el Gobierno provincial dej\u00f3 de costear el a\u00f1o pasado, salvo de un aporte que realiz\u00f3 para la campa\u00f1a en el Sur.<\/p>\n\n\n\n<p>\u201cPedimos que el Gobierno provincial considere la&nbsp;<strong>lucha antigranizo<\/strong>\u201d, dijo el empresario, quien catalog\u00f3 al sistema como una<strong><\/strong>&nbsp;herramienta de defensa que no se limita solo a la agricultura.<\/p>\n\n\n\n<p>Pero a ese pedido, que incluy\u00f3 el de un \u201caporte inteligente del Gobierno\u201d, le sum\u00f3 una propuesta: acordar un aporte de&nbsp;<strong>recursos&nbsp;<\/strong>de la C\u00e1mara por los pr\u00f3ximos tres a\u00f1os.<\/p>\n\n\n\n<p>Cornejo recogi\u00f3 el guante una vez que le toc\u00f3 estar sobre el escenario, pero no se alej\u00f3 de lo que ya anunci\u00f3 en m\u00e1s de una oportunidad: \u201cLos aviones, los servicios de radares y las bengalas siguen a disposici\u00f3n para quienes deseen continuar con la\u00a0<strong>lucha antigranizo<\/strong>\u201d.<\/p>\n\n\n\n<h2 class=\"wp-block-heading\">Las reformas que Alfredo Cornejo le pide a Javier Milei<\/h2>\n\n\n\n<p>Con&nbsp;<strong>Javier Milei<\/strong>&nbsp;sentado en la mesa principal, Alfredo Cornejo pidi\u00f3 una reforma de la coparticipaci\u00f3n federal.<\/p>\n\n\n\n<p>\u201cEntramos en una nueva etapa del pa\u00eds, en la que se est\u00e1n generando&nbsp;<strong>reformas<\/strong>\u201d, dijo el gobernador y mencion\u00f3 tres claves: \u201cUna reforma tributaria, la urgente&nbsp;<strong>reforma laboral<\/strong>, con condiciones para una mejor contrataci\u00f3n y competitividad; y una buena distribuci\u00f3n de los recursos federales\u201d.<\/p>\n\n\n\n<p>A eso, Cornejo le sum\u00f3 la necesidad de que la Naci\u00f3n cuenta con \u201cpresupuestos aprobados por el Congreso, con equilibrio fiscal\u201d y sigui\u00f3 la postura de\u00a0<strong>Javier Milei<\/strong>: \u201cNo se puede tener d\u00e9ficit nunca m\u00e1s\u201d.<\/p>\n\n\n\n<p>En respuesta a los reclamos del sector privado sobre una&nbsp;<strong>rebaja de impuestos<\/strong>, Cornejo asegur\u00f3 que Mendoza est\u00e1 encaminada a eliminar&nbsp;<strong>Ingresos Brutos<\/strong>, pero que ese camino se hace \u201cimposible sin otras reformas como la de la coparticipaci\u00f3n\u201d.<\/p>\n\n\n\n<p>De todas maneras, dijo el gobernador, \u201chemos bajado 0,6 el IIGG y estamos en la direcci\u00f3n correcta. Deber\u00edamos eliminarlo, s\u00ed, pero deben saber que no podemos competir en los&nbsp;<strong>recursos de coparticipaci\u00f3n<\/strong>&nbsp;que est\u00e1n asignados hace a\u00f1os y perjudicaron a provincias de m\u00e1s poblaci\u00f3n como la nuestra\u201d.<\/p>\n\n\n\n<p>Y aclar\u00f3 que \u201cno se puede desfinanciar al&nbsp;<strong>Estado<\/strong>&nbsp;de un momento a otro\u201d.<\/p>\n\n\n\n<h2 class=\"wp-block-heading\">La miner\u00eda en una econom\u00eda estable, como la que propone Javier Milei<\/h2>\n\n\n\n<p>En su discurso ante empresarios y pol\u00edticos, Cornejo asegur\u00f3 que \u201cconstruir un marco legal confiable y claro, y autoponernos est\u00e1ndares internacionales de los m\u00e1s exigentes en materia de&nbsp;<strong>miner\u00eda<\/strong>&nbsp;es una tarea que enfrentamos\u201d.<\/p>\n\n\n\n<p>Y, en ese camino, asegur\u00f3 que los proyectos de cobre y potasio que se concentran en el Sur de&nbsp;<strong>Mendoza&nbsp;<\/strong>podr\u00e1n escalar \u201cen una Argentina con econom\u00eda estable\u201d como la que propone el presidente&nbsp;<strong>Javier Milei<\/strong>.<\/p>\n\n\n\n<p>Cornejo hizo especial menci\u00f3n, tambi\u00e9n, a los proyectos de energ\u00eda renovable, y le dijo a&nbsp;<strong>Milei<\/strong>&nbsp;que \u201clos nueve parques solares que hay en Mendoza no tienen garant\u00eda del Tesoro Nacional y son de inversi\u00f3n privada y no de una empresa p\u00fablica, como s\u00ed ocurre en otras provincias\u201d.<\/p>\n\n\n\n<h2 class=\"wp-block-heading\">El apoyo de Alfredo Cornejo a Javier Milei<\/h2>\n\n\n\n<p>&#8220;Estoy convencido de que estamos en el mejor camino para el desarrollo de la Argentina. Un camino orientado a ir mejorando el clima de negocios para volver a despertar la vocaci\u00f3n por invertir, por hacer, por generar y por crecer&#8221;, dijo el gobernador para cerrar su discurso.<\/p>\n\n\n\n<p>&#8220;Esa vocaci\u00f3n que distingue desde siempre a la cultura mendocina y que, en&nbsp;<strong>San Rafael<\/strong>, gracias a ustedes -les dijo a los&nbsp;<strong>empresarios<\/strong>-, encuentra una de sus expresiones m\u00e1s genuinas&#8221;, afirm\u00f3 Cornejo.<\/p>\n\n\n\n<h2 class=\"wp-block-heading\">El reclamo empresario del Sur combin\u00f3 reforma laboral, infraestructura y unidad pol\u00edtica<\/h2>\n\n\n\n<p>El titular de la C\u00e1mara de Comercio de&nbsp;<strong>San Rafael<\/strong>, Gabriel Brega, abri\u00f3 el Almuerzo de las Fuerzas Vivas con un reclamo de unidad al sector pol\u00edtico, un pedido para que se acelere la<strong>&nbsp;reforma laboral&nbsp;<\/strong>y obras de infraestructura claves para el Sur de Mendoza.<\/p>\n\n\n\n<p>\u201cNo pierdo la esperanza de que, en alg\u00fan momento,\u00a0<strong>la pol\u00edtica entienda que trabajar en equipo es la \u00fanica opci\u00f3n<\/strong>\u201d, dijo el empresario de transporte ante los presentes en el Centro de Congresos Alfredo Bufano.<\/p>\n\n\n\n<p>\u201cDejen de mirar encuestas y empiecen a mirar los balances de las pymes\u201d, dijo&nbsp;<strong>Gabriel Brega<\/strong>&nbsp;para cerrar su discurso, mientras el Presidente esperaba en una oficina.<\/p>\n\n\n\n<p>Tras sus palabras, se present\u00f3 el intendente de&nbsp;<strong>San Rafael, Omar F\u00e9lix<\/strong>.<\/p>\n\n\n\n<h2 class=\"wp-block-heading\">Los mensajes para Javier Milei, Alfredo Cornejo y Omar F\u00e9lix<\/h2>\n\n\n\n<p>Adem\u00e1s de los reclamos a la Naci\u00f3n, el titular de la&nbsp;<strong>C\u00e1mara de Comercio<\/strong>&nbsp;pide especialmente que Provincia y Municipio \u201cempiecen a trabajar en conjunto, porque es agotador estar entremedio de dos banderas pol\u00edticas\u201d.<\/p>\n\n\n\n<p>Tambi\u00e9n, reflexion\u00f3, es importante para el sector \u201cdejar de pensar en el Norte, el Sur, el Este y el Oeste\u201d, lo cual se ha usado\u00a0<strong>pol\u00edticamente<\/strong>\u00a0y \u201cha hecho da\u00f1o a toda la provincia\u201d.<\/p>\n\n\n\n<h2 class=\"wp-block-heading\">Empresarios pidieron a Javier Milei por la reforma laboral<\/h2>\n\n\n\n<p>Gabriel Brega le pidi\u00f3 al presidente&nbsp;<strong>Javier Milei<\/strong>&nbsp;que acelere con la&nbsp;<strong>reforma laboral<\/strong>. La introducida por el DNU 70\/2023 qued\u00f3 frenada en la Justicia por no contar con el aval del Congreso Nacional, por lo que, desde el Consejo de Mayo del que forma parte Alfredo Cornejo se est\u00e1 trabajando en un nuevo proyecto.<\/p>\n\n\n\n<p>\u201cLas&nbsp;<strong>econom\u00edas regionales<\/strong>&nbsp;no la estamos pasando bien. En los frutales, la vitivinicultura, las hortalizas, cada vez m\u00e1s productores abandonan la actividad y ponen en venta sus fincas y bodegas\u201d, dijo Brega y pidi\u00f3 reformas.<\/p>\n\n\n\n<p>\u201cLa industria atraviesa un momento complejo con reducci\u00f3n de jornadas y menor producci\u00f3n\u201d, analiz\u00f3 y pidi\u00f3 \u201ccondiciones justas para poder competir\u201d.<\/p>\n\n\n\n<p>Entonces, enumer\u00f3 la necesidad de&nbsp;<strong>acuerdos comerciales<\/strong>, acceso al cr\u00e9dito con tasas menores y una \u201cextensa&nbsp;<strong>reforma previsional<\/strong>&nbsp;con una baja significativa de las contribuciones patronales\u201d.<\/p>\n\n\n\n<p>Esa reforma, expres\u00f3 el empresario, deber\u00eda incluir la eliminaci\u00f3n de articulados que agraven los&nbsp;<strong>costos empresariales<\/strong>, la imposici\u00f3n de un claro tope a las indemnizaciones y evitar la ultraactividad sindical.<\/p>\n\n\n\n<p>Brega se refiri\u00f3 tambi\u00e9n a la necesidad de una reforma tributaria con\u00a0<strong class=\"\">eliminaci\u00f3n del impuesto al cheque<\/strong>\u00a0y las retenciones, y la simplificaci\u00f3n de la carga tributaria.<\/p>\n\n\n\n<h2 class=\"wp-block-heading\">Reclamos por el Paso Pehuenche y obras para el Sur<\/h2>\n\n\n\n<p>El empresario, de transportes Isel\u00edn, hizo foco, adem\u00e1s, en las mejoras del&nbsp;<strong>Paso Pehuenche.<\/strong><\/p>\n\n\n\n<p>Sobre el paso internacional, el reclamo es en conjunto con la Provincia y los municipios del Sur. Lo que piden son reformas en las instalaciones, un sistema integrado de aduanas y migraciones, y el cese de limitaciones para el paso de camiones, dado que actualmente no cruzan a&nbsp;<strong>Chile<\/strong>&nbsp;m\u00e1s de cinco diarios, cuando por el Cristo Redentor lo hacen 1.000.<\/p>\n\n\n\n<p>&#8220;El mercado asi\u00e1tico se volver\u00e1 el destino de nuestras exportaciones. Por eso necesitamos que se concrete el sistema del&nbsp;<strong>Paso Pehuenche<\/strong>&nbsp;para cargas generales&#8221;, expres\u00f3.<\/p>\n\n\n\n<p>Como otras acciones urgentes en materia de<strong>&nbsp;infraestructura<\/strong>, el titular de la C\u00e1mara de Comercio pidi\u00f3:<\/p>\n\n\n\n<ul>\n<li><strong class=\"\">Culminaci\u00f3n de la Ruta Nacional 40<\/strong>&nbsp;(Malarg\u00fce a Neuqu\u00e9n), crucial para la actividad hidrocarbur\u00edfera y minera.<\/li>\n\n\n\n<li>Concreci\u00f3n del proyecto&nbsp;<strong class=\"\">Paso Las Le\u00f1as<\/strong>, junto con la ampliaci\u00f3n de los servicios del Paso Pehuenche para descongestionar el Cristo Redentor. Se solicita la&nbsp;<strong class=\"\">movilizaci\u00f3n urgente de la obra<\/strong>&nbsp;de la Zona Primaria Aduanera de San Rafael.<\/li>\n\n\n\n<li>Firma urgente del&nbsp;<strong class=\"\">protocolo fitosanitario acordado con China<\/strong>&nbsp;hace m\u00e1s de un a\u00f1o, vital para el sector de ciruelas secas de exportaci\u00f3n.<\/li>\n<\/ul>\n\n\n\n<p>El discurso incluy\u00f3 pedidos al intendente Omar F\u00e9lix y al gobernador Alfredo Cornejo y, sobre el final, un mensaje: que los l\u00edderes\u00a0retomen el di\u00e1logo sincero\u00a0y dejen sus posiciones ideol\u00f3gicas y partidarias para abocarse a gobernar y legislar con seguridad y paz:\u00a0&#8220;Dejen de mirar encuestas y empiecen a mirar los balances de nuestras pymes&#8221;.<\/p>\n\n\n\n<p><strong>Fuente: www.diariouno.com.ar<\/strong><\/p>\n","protected":false},"excerpt":{"rendered":"<p>El gobernador\u00a0Alfredo Cornejo\u00a0recibi\u00f3 al\u00a0presidente\u00a0Javier Milei\u00a0en San Rafael, durante el Almuerzo de las Fuerzas Vivas organizado por la C\u00e1mara de Comercio e Industria local. En su discurso, apoy\u00f3 la direcci\u00f3n del gobierno nacional y pidi\u00f3 reformas estructurales. Entre las tres principales, destac\u00f3 la necesidad de una nueva forma de distribuci\u00f3n de los&nbsp;recursos coparticipables. Sin ello, dijo, [&hellip;]<\/p>\n","protected":false},"author":2,"featured_media":15173,"comment_status":"open","ping_status":"open","sticky":false,"template":"","format":"standard","meta":[],"categories":[47],"tags":[],"_links":{"self":[{"href":"https:\/\/pasaenmendoza.com\/index.php?rest_route=\/wp\/v2\/posts\/15172"}],"collection":[{"href":"https:\/\/pasaenmendoza.com\/index.php?rest_route=\/wp\/v2\/posts"}],"about":[{"href":"https:\/\/pasaenmendoza.com\/index.php?rest_route=\/wp\/v2\/types\/post"}],"author":[{"embeddable":true,"href":"https:\/\/pasaenmendoza.com\/index.php?rest_route=\/wp\/v2\/users\/2"}],"replies":[{"embeddable":true,"href":"https:\/\/pasaenmendoza.com\/index.php?rest_route=%2Fwp%2Fv2%2Fcomments&post=15172"}],"version-history":[{"count":1,"href":"https:\/\/pasaenmendoza.com\/index.php?rest_route=\/wp\/v2\/posts\/15172\/revisions"}],"predecessor-version":[{"id":15174,"href":"https:\/\/pasaenmendoza.com\/index.php?rest_route=\/wp\/v2\/posts\/15172\/revisions\/15174"}],"wp:featuredmedia":[{"embeddable":true,"href":"https:\/\/pasaenmendoza.com\/index.php?rest_route=\/wp\/v2\/media\/15173"}],"wp:attachment":[{"href":"https:\/\/pasaenmendoza.com\/index.php?rest_route=%2Fwp%2Fv2%2Fmedia&parent=15172"}],"wp:term":[{"taxonomy":"category","embeddable":true,"href":"https:\/\/pasaenmendoza.com\/index.php?rest_route=%2Fwp%2Fv2%2Fcategories&post=15172"},{"taxonomy":"post_tag","embeddable":true,"href":"https:\/\/pasaenmendoza.com\/index.php?rest_route=%2Fwp%2Fv2%2Ftags&post=15172"}],"curies":[{"name":"wp","href":"https:\/\/api.w.org\/{rel}","templated":true}]}}