{"id":15175,"date":"2025-10-09T23:01:17","date_gmt":"2025-10-09T21:01:17","guid":{"rendered":"https:\/\/pasaenmendoza.com\/?p=15175"},"modified":"2025-10-09T23:01:18","modified_gmt":"2025-10-09T21:01:18","slug":"el-gobierno-destino-unos-450-policias-para-custodiar-la-visita-de-javier-milei-a-ciudad","status":"publish","type":"post","link":"https:\/\/pasaenmendoza.com\/?p=15175","title":{"rendered":"El Gobierno destin\u00f3 unos 450 polic\u00edas para custodiar la visita de Javier Milei a Ciudad"},"content":{"rendered":"\n<p>El cambio de planes del presidente\u00a0<strong>Javier Milei<\/strong>, que en la tarde del mi\u00e9rcoles decidi\u00f3 sumar una caminata por la Peatonal Sarmiento de Ciudad en su visita a\u00a0<strong>Mendoza<\/strong>, revolucion\u00f3 los planes de los dispositivos de seguridad que hab\u00eda gestado la ministra Mercedes Rus.<\/p>\n\n\n\n<p>Hasta ese momento, el Gobierno provincial s\u00f3lo hab\u00eda organizado el respaldo en los anillos de seguridad del acto organizado para el mediod\u00eda, en el Centro de Congresos de&nbsp;<strong>San Rafael<\/strong>, en donde el Presidente dar\u00e1 un discurso.<\/p>\n\n\n\n<p>Pero el viraje en la campa\u00f1a electoral que encarna&nbsp;<strong>Javier Milei<\/strong>&nbsp;exigi\u00f3 un nuevo dispositivo en&nbsp;<strong>Ciudad<\/strong>&nbsp;que involucrar\u00e1 a unos&nbsp;<strong>450 efectivos<\/strong>&nbsp;para custodiar y cuidar al primer mandatario.<\/p>\n\n\n\n<p>Si bien Presidencia s\u00f3lo ha informado que\u00a0Milei har\u00e1 una corta caminata por la\u00a0<strong>Peatonal Sarmiento<\/strong>\u00a0a las 18, en el tramo que va desde 9 de Julio hasta San Mart\u00edn, el Ministerio de Seguridad dispuso de varios uniformados m\u00e1s para acompa\u00f1ar todos los movimientos del l\u00edder de La Libertad Avanza, desde que arribe a\u00a0<strong>Ciudad\u00a0<\/strong>hasta que retorne al aeropuerto para emprender el regreso a Casa Rosada.<\/p>\n\n\n\n<p>Habr\u00e1n 100 polic\u00edas en todo el recorrido del\u00a0<strong>Presidente<\/strong>, otros 300 en distintos puntos alrededor del Kil\u00f3metro 0 custodiando el anillo de seguridad, se movilizar\u00e1n 35 bicipolic\u00edas de la Unidad Cicl\u00edstica de Acci\u00f3n R\u00e1pida (UCAR) y habr\u00e1 otros 30 efectivos de distintos comandos.<\/p>\n\n\n\n<p>De ser necesario, el intendente de la Ciudad de Mendoza,&nbsp;<strong>Ulpiano Suarez<\/strong>, dispondr\u00e1 de preventores para facilitar posibles&nbsp;<strong>cortes de tr\u00e1nsito<\/strong>.<\/p>\n\n\n\n<h2 class=\"wp-block-heading\">Javier Milei en la Ciudad de Mendoza: caminata y retorno a Buenos Aires<\/h2>\n\n\n\n<p>Hasta las primeras horas de este jueves, la \u00fanica confirmaci\u00f3n que lleg\u00f3 tanto al Ministerio de Seguridad como a la comuna anfitriona, es que el&nbsp;<strong>presidente Javier Milei<\/strong>&nbsp;har\u00e1 una caminata por la Peatonal Sarmiento.<\/p>\n\n\n\n<p>En principio, el mandatario llegar\u00eda a la siesta desde\u00a0<strong>San Rafael<\/strong>, v\u00eda a\u00e9rea, para alojarse en un hotel c\u00e9ntrico por algunas horas y, desde all\u00ed, afrontar su recorrido por Ciudad. En la caminata estar\u00eda acompa\u00f1ado por el candidato a diputado nacional y ministro de Defensa, Luis Petri.<\/p>\n\n\n\n<p>Se estima que ese movimiento no durar\u00eda m\u00e1s de una hora, porque en la hoja de ruta del presidente&nbsp;<strong>Javier Milei<\/strong>&nbsp;figura que a las 19 emprender\u00e1 el regreso a Buenos Aires.<\/p>\n\n\n\n<h2 class=\"wp-block-heading\">Javier Milei en San Rafael<\/h2>\n\n\n\n<p>La primera parada de\u00a0<strong>Javier Milei<\/strong>\u00a0en Mendoza ser\u00e1 San Rafael, donde se lo espera para participar del\u00a0<strong>Almuerzo de las Fuerzas Vivas\u00a0<\/strong>organizado por la C\u00e1mara de Comercio local. Adem\u00e1s del Presidente, estar\u00e1n Cornejo, Petri y el intendente sanrafaelino Omar F\u00e9lix.<\/p>\n\n\n\n<p><strong>Fuente: www.diariouno.com.ar<\/strong><\/p>\n","protected":false},"excerpt":{"rendered":"<p>El cambio de planes del presidente\u00a0Javier Milei, que en la tarde del mi\u00e9rcoles decidi\u00f3 sumar una caminata por la Peatonal Sarmiento de Ciudad en su visita a\u00a0Mendoza, revolucion\u00f3 los planes de los dispositivos de seguridad que hab\u00eda gestado la ministra Mercedes Rus. Hasta ese momento, el Gobierno provincial s\u00f3lo hab\u00eda organizado el respaldo en los [&hellip;]<\/p>\n","protected":false},"author":2,"featured_media":15176,"comment_status":"open","ping_status":"open","sticky":false,"template":"","format":"standard","meta":[],"categories":[47],"tags":[],"_links":{"self":[{"href":"https:\/\/pasaenmendoza.com\/index.php?rest_route=\/wp\/v2\/posts\/15175"}],"collection":[{"href":"https:\/\/pasaenmendoza.com\/index.php?rest_route=\/wp\/v2\/posts"}],"about":[{"href":"https:\/\/pasaenmendoza.com\/index.php?rest_route=\/wp\/v2\/types\/post"}],"author":[{"embeddable":true,"href":"https:\/\/pasaenmendoza.com\/index.php?rest_route=\/wp\/v2\/users\/2"}],"replies":[{"embeddable":true,"href":"https:\/\/pasaenmendoza.com\/index.php?rest_route=%2Fwp%2Fv2%2Fcomments&post=15175"}],"version-history":[{"count":1,"href":"https:\/\/pasaenmendoza.com\/index.php?rest_route=\/wp\/v2\/posts\/15175\/revisions"}],"predecessor-version":[{"id":15177,"href":"https:\/\/pasaenmendoza.com\/index.php?rest_route=\/wp\/v2\/posts\/15175\/revisions\/15177"}],"wp:featuredmedia":[{"embeddable":true,"href":"https:\/\/pasaenmendoza.com\/index.php?rest_route=\/wp\/v2\/media\/15176"}],"wp:attachment":[{"href":"https:\/\/pasaenmendoza.com\/index.php?rest_route=%2Fwp%2Fv2%2Fmedia&parent=15175"}],"wp:term":[{"taxonomy":"category","embeddable":true,"href":"https:\/\/pasaenmendoza.com\/index.php?rest_route=%2Fwp%2Fv2%2Fcategories&post=15175"},{"taxonomy":"post_tag","embeddable":true,"href":"https:\/\/pasaenmendoza.com\/index.php?rest_route=%2Fwp%2Fv2%2Ftags&post=15175"}],"curies":[{"name":"wp","href":"https:\/\/api.w.org\/{rel}","templated":true}]}}