{"id":15178,"date":"2025-10-09T23:04:57","date_gmt":"2025-10-09T21:04:57","guid":{"rendered":"https:\/\/pasaenmendoza.com\/?p=15178"},"modified":"2025-10-09T23:04:58","modified_gmt":"2025-10-09T21:04:58","slug":"alerta-amarilla-por-viento-zonda-que-soplara-durante-el-viernes-con-rafagas-de-65-km-h","status":"publish","type":"post","link":"https:\/\/pasaenmendoza.com\/?p=15178","title":{"rendered":"Alerta amarilla por viento Zonda que soplar\u00e1 durante el viernes con r\u00e1fagas de 65 km\/h"},"content":{"rendered":"\n<p>El<strong>\u00a0viento Zonda<\/strong>\u00a0afectar\u00e1 gran parte de la provincia durante el viernes, previo al ingreso del\u00a0<strong>frente fr\u00edo<\/strong>. Seg\u00fan el\u00a0<strong>pron\u00f3stico del tiempo<\/strong>, en algunos sectores se mantendr\u00e1 en altura, mientras que en otros bajar\u00e1 y las\u00a0<strong>r\u00e1fagas\u00a0<\/strong>pueden alcanzar los 65 kil\u00f3metros por hora.<\/p>\n\n\n\n<p>En d\u00edas de altas temperaturas por la circulaci\u00f3n de\u00a0<strong>viento norte<\/strong>, se espera la incidencia del\u00a0<strong>viento Zonda<\/strong>, seg\u00fan detall\u00f3\u00a0la meteor\u00f3loga\u00a0<strong>Elizabeth Naranjo Tamayo<\/strong>.<\/p>\n\n\n\n<p>El amanecer del viernes ser\u00e1 c\u00e1lido con 16 grados de m\u00ednima que aumentar\u00e1 hasta llegar a los&nbsp;<strong>31 grados<\/strong>&nbsp;de m\u00e1xima por la tarde.<\/p>\n\n\n\n<p>La especialista explic\u00f3 que estos valores est\u00e1n por&nbsp;<strong>encima del promedio normal<\/strong>&nbsp;para el mes de octubre, pero que el alivio llegar\u00e1 el s\u00e1bado con la llegada del&nbsp;<strong>frente fr\u00edo&nbsp;<\/strong>que har\u00e1 bajar las temperaturas.<\/p>\n\n\n\n<h2 class=\"wp-block-heading\">Viento Zonda en Mendoza para el viernes<\/h2>\n\n\n\n<p>Seg\u00fan\u00a0<strong>Elizabeth Naranjo Tamayo<\/strong>, los pron\u00f3sticos indican que el\u00a0<strong>viento Zonda<\/strong>\u00a0se va a mantener en altura durante el viernes en el Gran Mendoza y en la zona Este.<\/p>\n\n\n\n<p>Mientras que el&nbsp;<strong>Servicio Meteorol\u00f3gico Nacional<\/strong>&nbsp;emiti\u00f3 una&nbsp;<strong>alerta amarilla<\/strong>&nbsp;por&nbsp;<strong>Zonda&nbsp;<\/strong>para la precordillera, Uspallata, zonas del Valle de Uco y Malarg\u00fce.<\/p>\n\n\n\n<p>Los datos que se tienen hasta el momento es que la intensidad del&nbsp;<strong>viento Zonda<\/strong>&nbsp;ser\u00e1 de entre 30 y 40 kil\u00f3metros por hora con r\u00e1fagas que podr\u00edan alcanzar los 65 kil\u00f3metros por hora.<\/p>\n\n\n\n<h2 class=\"wp-block-heading\">El frente fr\u00edo tras el paso del viento Zonda<\/h2>\n\n\n\n<p>La meteor\u00f3loga adelant\u00f3 que el s\u00e1bado ser\u00e1 un d\u00eda&nbsp;<strong>ventoso&nbsp;<\/strong>por el ingreso del&nbsp;<strong>frente del sur&nbsp;<\/strong>que provocar\u00e1 un marcado descenso de temperatura.<\/p>\n\n\n\n<p>Las temperaturas para el s\u00e1bado estar\u00e1n entre 15 grados de m\u00ednima y 25 de m\u00e1xima, con la presencia de\u00a0<strong>viento\u00a0<\/strong>durante casi todo el d\u00eda.<\/p>\n\n\n\n<p>El&nbsp;<strong>Servicio Meteorol\u00f3gico Nacional<\/strong>&nbsp;tambi\u00e9n emiti\u00f3 otra&nbsp;<strong>alerta amarilla<\/strong>&nbsp;para ese d\u00eda por la intensidad de&nbsp;<strong>viento sur<\/strong>&nbsp;que puede ser de entre 30 y 40 kil\u00f3metros por hora con r\u00e1fagas de hasta 60 kil\u00f3metros por hora.<\/p>\n\n\n\n<p>La&nbsp;<strong>alerta&nbsp;<\/strong>est\u00e1 vigente para San Rafael, General Alvear, parte del Valle de Uco y toda la zona Este de Mendoza.<\/p>\n\n\n\n<p>Adem\u00e1s, el\u00a0<strong>pron\u00f3stico del tiempo<\/strong>\u00a0indic\u00f3 que el domingo habr\u00e1 otro leve descenso de temperaturas con 13 grados de m\u00ednima y 24 grados de m\u00e1xima.<\/p>\n\n\n\n<p><strong>Fuente: www.diariouno.com.ar<\/strong><\/p>\n","protected":false},"excerpt":{"rendered":"<p>El\u00a0viento Zonda\u00a0afectar\u00e1 gran parte de la provincia durante el viernes, previo al ingreso del\u00a0frente fr\u00edo. Seg\u00fan el\u00a0pron\u00f3stico del tiempo, en algunos sectores se mantendr\u00e1 en altura, mientras que en otros bajar\u00e1 y las\u00a0r\u00e1fagas\u00a0pueden alcanzar los 65 kil\u00f3metros por hora. En d\u00edas de altas temperaturas por la circulaci\u00f3n de\u00a0viento norte, se espera la incidencia del\u00a0viento Zonda, [&hellip;]<\/p>\n","protected":false},"author":2,"featured_media":15179,"comment_status":"open","ping_status":"open","sticky":false,"template":"","format":"standard","meta":[],"categories":[50],"tags":[],"_links":{"self":[{"href":"https:\/\/pasaenmendoza.com\/index.php?rest_route=\/wp\/v2\/posts\/15178"}],"collection":[{"href":"https:\/\/pasaenmendoza.com\/index.php?rest_route=\/wp\/v2\/posts"}],"about":[{"href":"https:\/\/pasaenmendoza.com\/index.php?rest_route=\/wp\/v2\/types\/post"}],"author":[{"embeddable":true,"href":"https:\/\/pasaenmendoza.com\/index.php?rest_route=\/wp\/v2\/users\/2"}],"replies":[{"embeddable":true,"href":"https:\/\/pasaenmendoza.com\/index.php?rest_route=%2Fwp%2Fv2%2Fcomments&post=15178"}],"version-history":[{"count":1,"href":"https:\/\/pasaenmendoza.com\/index.php?rest_route=\/wp\/v2\/posts\/15178\/revisions"}],"predecessor-version":[{"id":15180,"href":"https:\/\/pasaenmendoza.com\/index.php?rest_route=\/wp\/v2\/posts\/15178\/revisions\/15180"}],"wp:featuredmedia":[{"embeddable":true,"href":"https:\/\/pasaenmendoza.com\/index.php?rest_route=\/wp\/v2\/media\/15179"}],"wp:attachment":[{"href":"https:\/\/pasaenmendoza.com\/index.php?rest_route=%2Fwp%2Fv2%2Fmedia&parent=15178"}],"wp:term":[{"taxonomy":"category","embeddable":true,"href":"https:\/\/pasaenmendoza.com\/index.php?rest_route=%2Fwp%2Fv2%2Fcategories&post=15178"},{"taxonomy":"post_tag","embeddable":true,"href":"https:\/\/pasaenmendoza.com\/index.php?rest_route=%2Fwp%2Fv2%2Ftags&post=15178"}],"curies":[{"name":"wp","href":"https:\/\/api.w.org\/{rel}","templated":true}]}}