{"id":15182,"date":"2025-10-13T23:50:43","date_gmt":"2025-10-13T21:50:43","guid":{"rendered":"https:\/\/pasaenmendoza.com\/?p=15182"},"modified":"2025-10-13T23:50:44","modified_gmt":"2025-10-13T21:50:44","slug":"la-dge-avanza-con-la-etapa-final-para-titularizar-nuevos-directores-en-mendoza","status":"publish","type":"post","link":"https:\/\/pasaenmendoza.com\/?p=15182","title":{"rendered":"La DGE avanza con la etapa final para titularizar nuevos directores en Mendoza"},"content":{"rendered":"\n<p>El\u00a0<strong>Concurso\u00a0de Jerarqu\u00eda Directiva 2025<\/strong>\u00a0entra en su\u00a0<strong>instancia final<\/strong>\u00a0en toda la provincia de\u00a0<strong>Mendoza<\/strong>, con la participaci\u00f3n de m\u00e1s de\u00a0<strong>1.400 docentes<\/strong>\u00a0que aspiran a\u00a0<strong>titularizar cargos directivos<\/strong>\u00a0y fortalecer la\u00a0<strong>calidad educativa<\/strong>.<\/p>\n\n\n\n<p>Seg\u00fan inform\u00f3 la\u00a0<strong>Direcci\u00f3n General de Escuelas (DGE)<\/strong>, este lunes comenzaron a rendir los primeros postulantes que alcanzaron la\u00a0<strong>tercera y \u00faltima etapa<\/strong>\u00a0del proceso, que consiste en la\u00a0<strong>defensa oral de sus proyectos institucionales<\/strong>. Las evaluaciones se desarrollan en dos sedes: en la\u00a0<strong>Facultad de Ciencias Pol\u00edticas y Sociales de la Universidad Nacional de Cuyo<\/strong>, para los departamentos del\u00a0<strong>Centro, Norte, Este y Valle de Uco<\/strong>, y en la\u00a0<strong>Cruz Roja Argentina, Filial San Rafael<\/strong>, junto al\u00a0<strong>IES 9-011 Del Atuel<\/strong>, para los docentes de\u00a0<strong>San Rafael, General Alvear y Malarg\u00fce<\/strong>.<\/p>\n\n\n\n<p>La\u00a0<strong>subsecretaria de\u00a0Educaci\u00f3n, Claudia Ferrari<\/strong>, acompa\u00f1\u00f3 a los aspirantes durante esta etapa y explic\u00f3 que las defensas orales se realizan seg\u00fan el\u00a0<strong>sorteo establecido previamente<\/strong>. \u201c<strong>Planificamos para que el concurso termine el 20 de noviembre<\/strong>\u00a0en todo el territorio provincial. Luego se publicar\u00e1 el\u00a0<strong>listado de orden de m\u00e9rito provisorio<\/strong>, ya que ser\u00e1 necesario resolver los\u00a0<strong>empates<\/strong>\u00a0antes del definitivo\u201d, se\u00f1al\u00f3 la funcionaria.<\/p>\n\n\n\n<p>Ferrari tambi\u00e9n precis\u00f3 que \u201ccada\u00a0<strong>jurado<\/strong>\u00a0de nivel y modalidad trabajar\u00e1 en los\u00a0<strong>desempates<\/strong>\u00a0y posteriormente se concretar\u00e1n los\u00a0<strong>actos p\u00fablicos de ingreso<\/strong>, haciendo\u00a0<strong>efectivos los cargos a partir del 1 de febrero de 2026<\/strong>\u201d.<\/p>\n\n\n\n<p>Entre los participantes, la docente&nbsp;<strong>Norma Zavala<\/strong>&nbsp;celebr\u00f3 haber aprobado su evaluaci\u00f3n y describi\u00f3 el momento como \u201c<strong>muy emocionante<\/strong>\u201d, destacando el acompa\u00f1amiento de su familia y de la&nbsp;<strong>DGE<\/strong>&nbsp;durante todo el proceso.<\/p>\n\n\n\n<p>Por su parte,&nbsp;<strong>Andrea \u00c1valos<\/strong>, otra de las docentes finalistas, resalt\u00f3 la exigencia del concurso: \u201cFue un proceso de&nbsp;<strong>mucho estudio<\/strong>&nbsp;y de&nbsp;<strong>toma de conciencia<\/strong>&nbsp;sobre la responsabilidad que implica&nbsp;<strong>dirigir y gestionar una escuela<\/strong>. Mi proyecto apunta a&nbsp;<strong>trabajar junto a los j\u00f3venes en habilidades y capacidades fundamentales para el siglo XXI<\/strong>\u201d.<\/p>\n\n\n\n<p>Con esta \u00faltima instancia en marcha, la provincia de\u00a0<strong>Mendoza<\/strong>\u00a0se prepara para\u00a0<strong>renovar sus equipos de conducci\u00f3n escolar.<\/strong><\/p>\n\n\n\n<p><strong>Fuente: www.diariomendoza.com.ar<\/strong><\/p>\n","protected":false},"excerpt":{"rendered":"<p>El\u00a0Concurso\u00a0de Jerarqu\u00eda Directiva 2025\u00a0entra en su\u00a0instancia final\u00a0en toda la provincia de\u00a0Mendoza, con la participaci\u00f3n de m\u00e1s de\u00a01.400 docentes\u00a0que aspiran a\u00a0titularizar cargos directivos\u00a0y fortalecer la\u00a0calidad educativa. Seg\u00fan inform\u00f3 la\u00a0Direcci\u00f3n General de Escuelas (DGE), este lunes comenzaron a rendir los primeros postulantes que alcanzaron la\u00a0tercera y \u00faltima etapa\u00a0del proceso, que consiste en la\u00a0defensa oral de sus proyectos [&hellip;]<\/p>\n","protected":false},"author":2,"featured_media":15183,"comment_status":"open","ping_status":"open","sticky":false,"template":"","format":"standard","meta":[],"categories":[56],"tags":[],"_links":{"self":[{"href":"https:\/\/pasaenmendoza.com\/index.php?rest_route=\/wp\/v2\/posts\/15182"}],"collection":[{"href":"https:\/\/pasaenmendoza.com\/index.php?rest_route=\/wp\/v2\/posts"}],"about":[{"href":"https:\/\/pasaenmendoza.com\/index.php?rest_route=\/wp\/v2\/types\/post"}],"author":[{"embeddable":true,"href":"https:\/\/pasaenmendoza.com\/index.php?rest_route=\/wp\/v2\/users\/2"}],"replies":[{"embeddable":true,"href":"https:\/\/pasaenmendoza.com\/index.php?rest_route=%2Fwp%2Fv2%2Fcomments&post=15182"}],"version-history":[{"count":1,"href":"https:\/\/pasaenmendoza.com\/index.php?rest_route=\/wp\/v2\/posts\/15182\/revisions"}],"predecessor-version":[{"id":15184,"href":"https:\/\/pasaenmendoza.com\/index.php?rest_route=\/wp\/v2\/posts\/15182\/revisions\/15184"}],"wp:featuredmedia":[{"embeddable":true,"href":"https:\/\/pasaenmendoza.com\/index.php?rest_route=\/wp\/v2\/media\/15183"}],"wp:attachment":[{"href":"https:\/\/pasaenmendoza.com\/index.php?rest_route=%2Fwp%2Fv2%2Fmedia&parent=15182"}],"wp:term":[{"taxonomy":"category","embeddable":true,"href":"https:\/\/pasaenmendoza.com\/index.php?rest_route=%2Fwp%2Fv2%2Fcategories&post=15182"},{"taxonomy":"post_tag","embeddable":true,"href":"https:\/\/pasaenmendoza.com\/index.php?rest_route=%2Fwp%2Fv2%2Ftags&post=15182"}],"curies":[{"name":"wp","href":"https:\/\/api.w.org\/{rel}","templated":true}]}}