{"id":15185,"date":"2025-10-14T00:40:07","date_gmt":"2025-10-13T22:40:07","guid":{"rendered":"https:\/\/pasaenmendoza.com\/?p=15185"},"modified":"2025-10-14T00:40:08","modified_gmt":"2025-10-13T22:40:08","slug":"un-temblor-de-4-6-grados-se-sintio-en-mendoza-san-juan-y-chile","status":"publish","type":"post","link":"https:\/\/pasaenmendoza.com\/?p=15185","title":{"rendered":"Un temblor de 4.6 grados se sinti\u00f3 en Mendoza, San Juan y Chile"},"content":{"rendered":"\n<p>Un\u00a0<strong>temblor<\/strong>\u00a0de 4.6 grados en la escala de Richter se registr\u00f3 este lunes a las 15.58 en\u00a0<strong>Mendoza,<\/strong>\u00a0<strong>San Juan<\/strong>\u00a0y en\u00a0<strong>Chile (Coquimbo),<\/strong>\u00a0seg\u00fan inform\u00f3 el Instituto Nacional de Prevenci\u00f3n S\u00edsmica (Inpres).<\/p>\n\n\n\n<p>El epicentro del sismo se ubic\u00f3 en el l\u00edmite entre ambas provincias, cerca de Uspallata y Barreal. El Inpres precis\u00f3 que ocurri\u00f3 a 104 kil\u00f3metros al noroeste de la Ciudad de Mendoza, a 105 kil\u00f3metros al suroeste de la Ciudad de San Juan y a 48 kil\u00f3metros al sur de Barreal.<\/p>\n\n\n\n<h2 class=\"wp-block-heading\">Las zonas en las que se sinti\u00f3 el sismo<\/h2>\n\n\n\n<p>De acuerdo a la informaci\u00f3n oficial, el temblor se sinti\u00f3 con una intensidad III -d\u00e9bil- en la escala de Mercalli Modificada en Barreal y en Uspallata. Mientras que en Ciudad de San Juan, Ciudad de Mendoza, Ullum (San Juan), Palmira (Mendoza) y Media Agua (San Juan) tuvo una intensidad II, que se refiere a una percepci\u00f3n muy d\u00e9bil.<\/p>\n\n\n\n<h2 class=\"wp-block-heading\">Las recomendaciones de Defensa Civil ante un temblor<\/h2>\n\n\n\n<p>El ministerio de Educaci\u00f3n,\u00a0en su p\u00e1gina oficial, ha publicado una serie de recomendaciones a seguir a fin de estar preparados y conocer las medidas de autoprotecci\u00f3n para resguardar la vida propia y de terceros.<\/p>\n\n\n\n<p>\u00bfC\u00f3mo actuar antes? Desde el organismo explicaron que es importante planificar las siguientes actividades y posibles escenarios para ver c\u00f3mo act\u00faa cada integrante si est\u00e1 en casa o si cada uno est\u00e1 en su actividad:<\/p>\n\n\n\n<ul>\n<li>Conocer con antelaci\u00f3n las \u00e1reas de seguridad tanto internas como externas del domicilio. Realizar una evaluaci\u00f3n de la estructura de la casa.<\/li>\n\n\n\n<li>Establecer el rol que debe tener cada integrante de acuerdo a su edad y capacidad. Por ejemplo: \u00bfqui\u00e9n corta el gas?, \u00bfqui\u00e9n se hace cargo de la mascota o del abuelo?<\/li>\n\n\n\n<li>Mantener limpios los techos y sus bordes de macetas, maderas u otros objetos que puedan caerse.<\/li>\n\n\n\n<li>Preparar la mochila de emergencia.<\/li>\n<\/ul>\n\n\n\n<p>Durante el&nbsp;<strong>sismo<\/strong>&nbsp;aconsejaron:<\/p>\n\n\n\n<ul>\n<li>Mantener la calma.<\/li>\n\n\n\n<li>No salir corriendo.<\/li>\n\n\n\n<li>Alejarse de las ventanas, espejos y art\u00edculos de vidrio que puedan quebrarse.<\/li>\n\n\n\n<li>Retirarse de estufas, braseros, cafeteras, radiadores o cualquier elemento caliente.<\/li>\n\n\n\n<li>Ubicarse en zonas seguras previamente identificadas, generalmente donde haya vigas y columnas. Abajo de una mesa segura, en forma fetal, sobre el costado izquierdo con el brazo derecho sobre la cabeza.<\/li>\n\n\n\n<li>No utilizar escaleras y ascensores.<\/li>\n\n\n\n<li>Prestar atenci\u00f3n a menores de edad, minusv\u00e1lidos y adultos mayores.<\/li>\n<\/ul>\n\n\n\n<p>Despu\u00e9s del&nbsp;<strong>sismo,<\/strong>&nbsp;recomendaron seguir las siguientes ordenes:<\/p>\n\n\n\n<ul>\n<li>Recuerde que cuando ocurre un sismo de magnitud, siempre hay r\u00e9plicas.<\/li>\n\n\n\n<li>Apague el sistema el\u00e9ctrico y de gas.<\/li>\n\n\n\n<li>Evacue a lugar seguro en el exterior. Si vive en edificio, baje por escaleras.<\/li>\n\n\n\n<li>Antes de reingresar a su domicilio u oficina, eval\u00fae los da\u00f1os en su estructura.<\/li>\n\n\n\n<li>Colabore con las autoridades.<\/li>\n\n\n\n<li>Tenga siempre los n\u00fameros de emergencia a la mano.<\/li>\n\n\n\n<li>Siempre sea solidario con las v\u00edctimas.<\/li>\n<\/ul>\n\n\n\n<p>\u00bfQu\u00e9 se debe incluir en la mochila de emergencia?<\/p>\n\n\n\n<p>Defensa Civil tambi\u00e9n inform\u00f3 en su sitio web oficial que es importante contar con una mochila de emergencia para\u00a0utilizar en casos de\u00a0<strong>temblores<\/strong>\u00a0fuertes, en la que se debe tener:<\/p>\n\n\n\n<ul>\n<li>Recipiente con agua potable.<\/li>\n\n\n\n<li>Alimentos no perecederos, como enlatados con el sistema abref\u00e1cil, barras de cereal o chocolate.<\/li>\n\n\n\n<li>Lista con tel\u00e9fonos importantes de familiares, bomberos, hospital, 911.<\/li>\n\n\n\n<li>Una lista con los nombres de nuestros familiares (DNI, grupo sangu\u00edneo, obra social, medicamentos que toman).<\/li>\n\n\n\n<li>Botiqu\u00edn de primeros auxilios con medicamentos vitales.<\/li>\n\n\n\n<li>Radio a pilas.<\/li>\n\n\n\n<li>Linterna y pilas.<\/li>\n\n\n\n<li>Silbato y guantes.<\/li>\n\n\n\n<li>Documentos personales y sus copias.<\/li>\n\n\n\n<li>Muda de ropa y manta de abrigo.<\/li>\n\n\n\n<li>Kit de aseo: jab\u00f3n, cepillo de diente y pasta dent\u00edfrica, toalla, alcohol en gel.<\/li>\n\n\n\n<li>Herramientas y alambre.<\/li>\n<\/ul>\n\n\n\n<p><strong>Fuente: www.diariouno.com.ar<\/strong><\/p>\n","protected":false},"excerpt":{"rendered":"<p>Un\u00a0temblor\u00a0de 4.6 grados en la escala de Richter se registr\u00f3 este lunes a las 15.58 en\u00a0Mendoza,\u00a0San Juan\u00a0y en\u00a0Chile (Coquimbo),\u00a0seg\u00fan inform\u00f3 el Instituto Nacional de Prevenci\u00f3n S\u00edsmica (Inpres). El epicentro del sismo se ubic\u00f3 en el l\u00edmite entre ambas provincias, cerca de Uspallata y Barreal. El Inpres precis\u00f3 que ocurri\u00f3 a 104 kil\u00f3metros al noroeste de [&hellip;]<\/p>\n","protected":false},"author":2,"featured_media":15186,"comment_status":"open","ping_status":"open","sticky":false,"template":"","format":"standard","meta":[],"categories":[63],"tags":[],"_links":{"self":[{"href":"https:\/\/pasaenmendoza.com\/index.php?rest_route=\/wp\/v2\/posts\/15185"}],"collection":[{"href":"https:\/\/pasaenmendoza.com\/index.php?rest_route=\/wp\/v2\/posts"}],"about":[{"href":"https:\/\/pasaenmendoza.com\/index.php?rest_route=\/wp\/v2\/types\/post"}],"author":[{"embeddable":true,"href":"https:\/\/pasaenmendoza.com\/index.php?rest_route=\/wp\/v2\/users\/2"}],"replies":[{"embeddable":true,"href":"https:\/\/pasaenmendoza.com\/index.php?rest_route=%2Fwp%2Fv2%2Fcomments&post=15185"}],"version-history":[{"count":1,"href":"https:\/\/pasaenmendoza.com\/index.php?rest_route=\/wp\/v2\/posts\/15185\/revisions"}],"predecessor-version":[{"id":15187,"href":"https:\/\/pasaenmendoza.com\/index.php?rest_route=\/wp\/v2\/posts\/15185\/revisions\/15187"}],"wp:featuredmedia":[{"embeddable":true,"href":"https:\/\/pasaenmendoza.com\/index.php?rest_route=\/wp\/v2\/media\/15186"}],"wp:attachment":[{"href":"https:\/\/pasaenmendoza.com\/index.php?rest_route=%2Fwp%2Fv2%2Fmedia&parent=15185"}],"wp:term":[{"taxonomy":"category","embeddable":true,"href":"https:\/\/pasaenmendoza.com\/index.php?rest_route=%2Fwp%2Fv2%2Fcategories&post=15185"},{"taxonomy":"post_tag","embeddable":true,"href":"https:\/\/pasaenmendoza.com\/index.php?rest_route=%2Fwp%2Fv2%2Ftags&post=15185"}],"curies":[{"name":"wp","href":"https:\/\/api.w.org\/{rel}","templated":true}]}}