{"id":15188,"date":"2025-10-14T00:42:59","date_gmt":"2025-10-13T22:42:59","guid":{"rendered":"https:\/\/pasaenmendoza.com\/?p=15188"},"modified":"2025-10-14T00:43:00","modified_gmt":"2025-10-13T22:43:00","slug":"optimismo-empresarial-el-66-de-las-industrias-del-gran-mendoza-planea-invertir-en-los-proximos-dos-anos","status":"publish","type":"post","link":"https:\/\/pasaenmendoza.com\/?p=15188","title":{"rendered":"Optimismo empresarial: el 66% de las industrias del Gran Mendoza planea invertir en los pr\u00f3ximos dos a\u00f1os"},"content":{"rendered":"\n<p>El term\u00f3metro del empresariado local parece mostrar que el optimismo va en aumento. Un relevamiento de\u00a0<strong>industrias<\/strong>\u00a0del Gran Mendoza muestra que el 66% de ellas, es decir 2 de cada 3, tiene previsto invertir en los pr\u00f3ximos dos a\u00f1os.<\/p>\n\n\n\n<p>Esa radiograf\u00eda revela que esas&nbsp;<strong>inversiones<\/strong>&nbsp;que prev\u00e9n hacer entre el 2026 y 2027 apuntar\u00edan a lograr un aumento del volumen de producci\u00f3n (42%), la transformaci\u00f3n tecnol\u00f3gica (27%), la diversificaci\u00f3n de productos o servicios (23%) y el capital de trabajo (12%), y l\u00f3gicamente hay firmas que apuntan a invertir en m\u00e1s de uno de esos rubros.<\/p>\n\n\n\n<p>Eso fue lo que respondieron las\u00a0<strong>160 empresas de Godoy Cruz, Guaymall\u00e9n y Maip\u00fa<\/strong>\u00a0que se sumaron al relevamiento.<\/p>\n\n\n\n<p>&#8220;La mirada de esas empresas revela la necesidad de proyectar a mediano y largo plazo y a la par de adaptarnos a un entorno competitivo. Hoy la posibilidad de importar tecnolog\u00eda tambi\u00e9n acerca esa chance de apostar a una transformaci\u00f3n tecnol\u00f3gica, eso fue una radiograf\u00eda de la zona industrial y de los desaf\u00edos que enfrentan&#8221;, aport\u00f3&nbsp;<strong>Manuel Ponce<\/strong>, presidente de Aderpe.<\/p>\n\n\n\n<p>El empresario acot\u00f3 que esa encuesta se hizo entre mayo y junio de este a\u00f1o, en un momento en que las tasas de inter\u00e9s eran mucho m\u00e1s bajas que las actuales y el&nbsp;<strong>d\u00f3lar&nbsp;<\/strong>se mov\u00eda mucho menos dentro de las bandas cambiarias.<\/p>\n\n\n\n<p>&#8220;Ahora se percibe cierta incertidumbre por lo que pueda ocurrir en la econom\u00eda despu\u00e9s de las<strong>&nbsp;elecciones<\/strong>&nbsp;de octubre&#8221;, marc\u00f3.<\/p>\n\n\n\n<h2 class=\"wp-block-heading\">El protagonismo de las Pymes y d\u00f3nde venden<\/h2>\n\n\n\n<p>La encuesta mostr\u00f3 tambi\u00e9n que en la<strong>&nbsp;Zona Industrial de Mendoza<\/strong>&nbsp;hay un notorio protagonismo de las Pymes: son el 73% de las firmas y son las que generan la mayor cantidad de puestos de trabajo, con una alta estabilidad laboral.<\/p>\n\n\n\n<p>En cuanto a canales de comercializaci\u00f3n, el&nbsp;<strong>84% de las empresas vende mediante puntos de venta propios<\/strong>&nbsp;o relaci\u00f3n directa, mientras que el resta<strong>&nbsp;utiliza e-commerce<\/strong>, y\/o lo trav\u00e9s de mayoristas y comercios locales. Si bien muchas empresas cuentan con p\u00e1gina web, la venta online representa menos del 10% de la facturaci\u00f3n anual, siendo Mercado Libre la plataforma m\u00e1s utilizada.<\/p>\n\n\n\n<p>En ese sondeo tambi\u00e9n se identificaron algunas&nbsp;<strong>demandas estructurales<\/strong>&nbsp;en infraestructura y servicios: falta de red de gas natural, calles deterioradas, d\u00e9ficit en cloacas, escasa iluminaci\u00f3n y problemas de seguridad.<\/p>\n\n\n\n<p>\u201cLa Zona Industrial Mendoza es un motor clave de la econom\u00eda provincial, pero requiere un\u00a0<strong>plan integral<\/strong>\u00a0que combine infraestructura, formaci\u00f3n de capital humano y pol\u00edticas de innovaci\u00f3n\u201d, sum\u00f3 Ponce en referencia al M\u00e1ster Plan de la Zona Industrial que proyecta Aderpe.<\/p>\n\n\n\n<p><strong>Fuente: www.diariouno.com.ar<\/strong><\/p>\n","protected":false},"excerpt":{"rendered":"<p>El term\u00f3metro del empresariado local parece mostrar que el optimismo va en aumento. Un relevamiento de\u00a0industrias\u00a0del Gran Mendoza muestra que el 66% de ellas, es decir 2 de cada 3, tiene previsto invertir en los pr\u00f3ximos dos a\u00f1os. Esa radiograf\u00eda revela que esas&nbsp;inversiones&nbsp;que prev\u00e9n hacer entre el 2026 y 2027 apuntar\u00edan a lograr un aumento [&hellip;]<\/p>\n","protected":false},"author":2,"featured_media":15189,"comment_status":"open","ping_status":"open","sticky":false,"template":"","format":"standard","meta":[],"categories":[111],"tags":[],"_links":{"self":[{"href":"https:\/\/pasaenmendoza.com\/index.php?rest_route=\/wp\/v2\/posts\/15188"}],"collection":[{"href":"https:\/\/pasaenmendoza.com\/index.php?rest_route=\/wp\/v2\/posts"}],"about":[{"href":"https:\/\/pasaenmendoza.com\/index.php?rest_route=\/wp\/v2\/types\/post"}],"author":[{"embeddable":true,"href":"https:\/\/pasaenmendoza.com\/index.php?rest_route=\/wp\/v2\/users\/2"}],"replies":[{"embeddable":true,"href":"https:\/\/pasaenmendoza.com\/index.php?rest_route=%2Fwp%2Fv2%2Fcomments&post=15188"}],"version-history":[{"count":1,"href":"https:\/\/pasaenmendoza.com\/index.php?rest_route=\/wp\/v2\/posts\/15188\/revisions"}],"predecessor-version":[{"id":15190,"href":"https:\/\/pasaenmendoza.com\/index.php?rest_route=\/wp\/v2\/posts\/15188\/revisions\/15190"}],"wp:featuredmedia":[{"embeddable":true,"href":"https:\/\/pasaenmendoza.com\/index.php?rest_route=\/wp\/v2\/media\/15189"}],"wp:attachment":[{"href":"https:\/\/pasaenmendoza.com\/index.php?rest_route=%2Fwp%2Fv2%2Fmedia&parent=15188"}],"wp:term":[{"taxonomy":"category","embeddable":true,"href":"https:\/\/pasaenmendoza.com\/index.php?rest_route=%2Fwp%2Fv2%2Fcategories&post=15188"},{"taxonomy":"post_tag","embeddable":true,"href":"https:\/\/pasaenmendoza.com\/index.php?rest_route=%2Fwp%2Fv2%2Ftags&post=15188"}],"curies":[{"name":"wp","href":"https:\/\/api.w.org\/{rel}","templated":true}]}}