{"id":15191,"date":"2025-10-14T00:47:53","date_gmt":"2025-10-13T22:47:53","guid":{"rendered":"https:\/\/pasaenmendoza.com\/?p=15191"},"modified":"2025-10-14T00:47:54","modified_gmt":"2025-10-13T22:47:54","slug":"cortaran-una-parte-del-acceso-este-este-martes-durante-una-hora-y-media-por-trabajos-de-vialidad","status":"publish","type":"post","link":"https:\/\/pasaenmendoza.com\/?p=15191","title":{"rendered":"Cortar\u00e1n una parte del Acceso Este este martes durante una hora y media por trabajos de Vialidad"},"content":{"rendered":"\n<p>La\u00a0<strong>Direcci\u00f3n Nacional de Vialidad<\/strong>\u00a0inform\u00f3 que este martes el\u00a0<strong>Acceso Este<\/strong>\u00a0estar\u00e1 cortado a la altura de calle Urquiza, en sentido oeste-este, para retirar un contador de tr\u00e1nsito del cantero central. Los trabajos comenzar\u00e1n a las 10 y estiman que demandar\u00e1n una hora y media.<\/p>\n\n\n\n<p>La calzada quedar\u00e1 reducida y el tr\u00e1nsito ser\u00e1 desviado por el carril de desaceleraci\u00f3n (entrada a Urquiza), seg\u00fan explicaron oficialmente desde el organismo. Los conductores podr\u00e1n reincorporarse al acceso por el carril de aceleraci\u00f3n.<\/p>\n\n\n\n<figure class=\"wp-block-image\"><img decoding=\"async\" src=\"https:\/\/media.diariouno.com.ar\/p\/d8c659ec291339d5c2483dc5241e7875\/adjuntos\/298\/imagenes\/009\/640\/0009640383\/1200x0\/smart\/acceso-este-y-urquiza-corte-transito.jpg\" alt=\"El corte de tr&aacute;nsito ser&aacute; en el Acceso Este a la altura de calle Urquiza.\" title=\"El corte de tr&aacute;nsito ser&aacute; en el Acceso Este a la altura de calle Urquiza.\"\/><\/figure>\n\n\n\n<p>El corte de tr\u00e1nsito ser\u00e1 en el Acceso Este a la altura de calle Urquiza.<\/p>\n\n\n\n<p>El orden del tr\u00e1nsito estar\u00e1 a\u00a0cargo de personal de Tr\u00e1nsito de\u00a0<strong>Guaymall\u00e9n<\/strong>\u00a0y pidieron circular con precauci\u00f3n, respetar la se\u00f1alizaci\u00f3n y las indicaciones de los trabajadores presentes en el lugar.<\/p>\n\n\n\n<p><strong>Fuente: www.diariouno.com.ar<\/strong><\/p>\n","protected":false},"excerpt":{"rendered":"<p>La\u00a0Direcci\u00f3n Nacional de Vialidad\u00a0inform\u00f3 que este martes el\u00a0Acceso Este\u00a0estar\u00e1 cortado a la altura de calle Urquiza, en sentido oeste-este, para retirar un contador de tr\u00e1nsito del cantero central. Los trabajos comenzar\u00e1n a las 10 y estiman que demandar\u00e1n una hora y media. La calzada quedar\u00e1 reducida y el tr\u00e1nsito ser\u00e1 desviado por el carril de [&hellip;]<\/p>\n","protected":false},"author":2,"featured_media":15192,"comment_status":"open","ping_status":"open","sticky":false,"template":"","format":"standard","meta":[],"categories":[50],"tags":[],"_links":{"self":[{"href":"https:\/\/pasaenmendoza.com\/index.php?rest_route=\/wp\/v2\/posts\/15191"}],"collection":[{"href":"https:\/\/pasaenmendoza.com\/index.php?rest_route=\/wp\/v2\/posts"}],"about":[{"href":"https:\/\/pasaenmendoza.com\/index.php?rest_route=\/wp\/v2\/types\/post"}],"author":[{"embeddable":true,"href":"https:\/\/pasaenmendoza.com\/index.php?rest_route=\/wp\/v2\/users\/2"}],"replies":[{"embeddable":true,"href":"https:\/\/pasaenmendoza.com\/index.php?rest_route=%2Fwp%2Fv2%2Fcomments&post=15191"}],"version-history":[{"count":1,"href":"https:\/\/pasaenmendoza.com\/index.php?rest_route=\/wp\/v2\/posts\/15191\/revisions"}],"predecessor-version":[{"id":15193,"href":"https:\/\/pasaenmendoza.com\/index.php?rest_route=\/wp\/v2\/posts\/15191\/revisions\/15193"}],"wp:featuredmedia":[{"embeddable":true,"href":"https:\/\/pasaenmendoza.com\/index.php?rest_route=\/wp\/v2\/media\/15192"}],"wp:attachment":[{"href":"https:\/\/pasaenmendoza.com\/index.php?rest_route=%2Fwp%2Fv2%2Fmedia&parent=15191"}],"wp:term":[{"taxonomy":"category","embeddable":true,"href":"https:\/\/pasaenmendoza.com\/index.php?rest_route=%2Fwp%2Fv2%2Fcategories&post=15191"},{"taxonomy":"post_tag","embeddable":true,"href":"https:\/\/pasaenmendoza.com\/index.php?rest_route=%2Fwp%2Fv2%2Ftags&post=15191"}],"curies":[{"name":"wp","href":"https:\/\/api.w.org\/{rel}","templated":true}]}}