{"id":15194,"date":"2025-10-14T15:45:15","date_gmt":"2025-10-14T13:45:15","guid":{"rendered":"https:\/\/pasaenmendoza.com\/?p=15194"},"modified":"2025-10-14T15:45:16","modified_gmt":"2025-10-14T13:45:16","slug":"el-tiempo-en-mendoza-para-este-martes-bueno-y-calido-por-el-efecto-zonda","status":"publish","type":"post","link":"https:\/\/pasaenmendoza.com\/?p=15194","title":{"rendered":"El tiempo en Mendoza para este martes: bueno y c\u00e1lido por el efecto Zonda"},"content":{"rendered":"\n<p>La temperatura m\u00e1xima para este martes ser\u00e1 de 31 grados centigrados, mientras que la m\u00ednima se ubicar\u00e1 los 10 grados cent\u00edgrados.<\/p>\n\n\n\n<p>Habr\u00e1 \u201ctiempo bueno con ascenso de la temperatura, vientos leves del noreste\u201d.<\/p>\n\n\n\n<p>Se prev\u00e9 circulaci\u00f3n de viento norte-sur desde las 11 hasta las 23, pero moderado, que afectar\u00e1 zona Este y zona Sur con promedio de 40 kil\u00f3metros por hora.<\/p>\n\n\n\n<p>En cuanto al Zonda, se calcula que el fen\u00f3meno comenzar\u00e1 a las 11 hasta las 21, aproximadamente, en Malarg\u00fce, Valle de Uspallata -m\u00e1s d\u00e9bil- y Sur del Valle de Uco<\/p>\n\n\n\n<p>El tiempo en alta monta\u00f1a: \u201cPoco nuboso en cordillera\u201d.<\/p>\n\n\n\n<h2 class=\"wp-block-heading\" id=\"h-alerta-por-vientos\">Alerta por vientos<\/h2>\n\n\n\n<p>La zona baja de Malarg\u00fce tiene alerta en nivel amarillo por vientos hacia la tarde, seg\u00fan el Servicio Meteorol\u00f3gico Nacional.<\/p>\n\n\n\n<p>Esto implica que el \u00e1rea ser\u00e1 afectada por vientos del sector norte o noreste con velocidades entre 35 y 50 kil\u00f3metros por hora con r\u00e1fagas que pueden alcanzar los 75 kil\u00f3metros por hora.<\/p>\n\n\n\n<p><strong>Fuente: www.elsol.com.ar<\/strong><\/p>\n","protected":false},"excerpt":{"rendered":"<p>La temperatura m\u00e1xima para este martes ser\u00e1 de 31 grados centigrados, mientras que la m\u00ednima se ubicar\u00e1 los 10 grados cent\u00edgrados. Habr\u00e1 \u201ctiempo bueno con ascenso de la temperatura, vientos leves del noreste\u201d. Se prev\u00e9 circulaci\u00f3n de viento norte-sur desde las 11 hasta las 23, pero moderado, que afectar\u00e1 zona Este y zona Sur con [&hellip;]<\/p>\n","protected":false},"author":2,"featured_media":15195,"comment_status":"open","ping_status":"open","sticky":false,"template":"","format":"standard","meta":[],"categories":[52],"tags":[],"_links":{"self":[{"href":"https:\/\/pasaenmendoza.com\/index.php?rest_route=\/wp\/v2\/posts\/15194"}],"collection":[{"href":"https:\/\/pasaenmendoza.com\/index.php?rest_route=\/wp\/v2\/posts"}],"about":[{"href":"https:\/\/pasaenmendoza.com\/index.php?rest_route=\/wp\/v2\/types\/post"}],"author":[{"embeddable":true,"href":"https:\/\/pasaenmendoza.com\/index.php?rest_route=\/wp\/v2\/users\/2"}],"replies":[{"embeddable":true,"href":"https:\/\/pasaenmendoza.com\/index.php?rest_route=%2Fwp%2Fv2%2Fcomments&post=15194"}],"version-history":[{"count":1,"href":"https:\/\/pasaenmendoza.com\/index.php?rest_route=\/wp\/v2\/posts\/15194\/revisions"}],"predecessor-version":[{"id":15196,"href":"https:\/\/pasaenmendoza.com\/index.php?rest_route=\/wp\/v2\/posts\/15194\/revisions\/15196"}],"wp:featuredmedia":[{"embeddable":true,"href":"https:\/\/pasaenmendoza.com\/index.php?rest_route=\/wp\/v2\/media\/15195"}],"wp:attachment":[{"href":"https:\/\/pasaenmendoza.com\/index.php?rest_route=%2Fwp%2Fv2%2Fmedia&parent=15194"}],"wp:term":[{"taxonomy":"category","embeddable":true,"href":"https:\/\/pasaenmendoza.com\/index.php?rest_route=%2Fwp%2Fv2%2Fcategories&post=15194"},{"taxonomy":"post_tag","embeddable":true,"href":"https:\/\/pasaenmendoza.com\/index.php?rest_route=%2Fwp%2Fv2%2Ftags&post=15194"}],"curies":[{"name":"wp","href":"https:\/\/api.w.org\/{rel}","templated":true}]}}