{"id":15197,"date":"2025-10-14T15:49:45","date_gmt":"2025-10-14T13:49:45","guid":{"rendered":"https:\/\/pasaenmendoza.com\/?p=15197"},"modified":"2025-10-14T15:49:46","modified_gmt":"2025-10-14T13:49:46","slug":"alerta-amarilla-por-viento-zonda-las-rafagas-alcanzaran-los-65-kilometros-por-hora","status":"publish","type":"post","link":"https:\/\/pasaenmendoza.com\/?p=15197","title":{"rendered":"Alerta amarilla por viento Zonda: las r\u00e1fagas alcanzar\u00e1n los 65 kil\u00f3metros por hora"},"content":{"rendered":"\n<p>El\u00a0Servicio Meteorol\u00f3gico Nacional (SMN)\u00a0emiti\u00f3 una alerta amarilla por\u00a0<strong>viento Zonda<\/strong>\u00a0en algunos departamentos con r\u00e1fagas que alcanzar\u00e1n los 65 kil\u00f3metros por hora.<\/p>\n\n\n\n<p>Seg\u00fan la Direcci\u00f3n de Contingencias Clim\u00e1ticas,&nbsp;<strong>el viento Zonda volver\u00e1 a sentirse en Mendoza durante el martes y mi\u00e9rcoles con temperaturas cercanas a los 30\u00b0C mientras que el jueves<\/strong>, se espera descenso de la temperatura. Los sectores afectados son la zona baja y sur de Malarg\u00fce, Uspallata y sur del Valle de Uco.<\/p>\n\n\n\n<p><em>\u201cViento Zonda desde las 11 hasta las 21 en Malarg\u00fce, Sur de Malarg\u00fce, Valle de Uspallata (forma m\u00e1s d\u00e9bil) y Sur del Valle de Uco. En Malarg\u00fce, velocidades promedio de 40 kil\u00f3metros por hora despu\u00e9s del mediod\u00eda\u201d<\/em>, destaca el comunicado de Defensa Civil para este martes.<\/p>\n\n\n\n<p>En relaci\u00f3n a la alerta vigente para el departamento de Malarg\u00fce, el Servicio Meteorol\u00f3gico Nacional agreg\u00f3:\u00a0<em>\u201cEl \u00e1rea ser\u00e1 afectada por viento Zonda con velocidades estimadas entre 30 y 45 km\/h\u00a0<strong>con r\u00e1fagas que podr\u00edan alcanzar los 65 km\/h.<\/strong>\u00a0Este fen\u00f3meno puede provocar reducci\u00f3n de la visibilidad, aumento repentino de la temperatura y condiciones de humedad relativa muy bajas\u201d<\/em>.<\/p>\n\n\n\n<p><strong>Fuente: www.elsol.com.ar<\/strong><\/p>\n","protected":false},"excerpt":{"rendered":"<p>El\u00a0Servicio Meteorol\u00f3gico Nacional (SMN)\u00a0emiti\u00f3 una alerta amarilla por\u00a0viento Zonda\u00a0en algunos departamentos con r\u00e1fagas que alcanzar\u00e1n los 65 kil\u00f3metros por hora. Seg\u00fan la Direcci\u00f3n de Contingencias Clim\u00e1ticas,&nbsp;el viento Zonda volver\u00e1 a sentirse en Mendoza durante el martes y mi\u00e9rcoles con temperaturas cercanas a los 30\u00b0C mientras que el jueves, se espera descenso de la temperatura. Los [&hellip;]<\/p>\n","protected":false},"author":2,"featured_media":15198,"comment_status":"open","ping_status":"open","sticky":false,"template":"","format":"standard","meta":[],"categories":[46],"tags":[],"_links":{"self":[{"href":"https:\/\/pasaenmendoza.com\/index.php?rest_route=\/wp\/v2\/posts\/15197"}],"collection":[{"href":"https:\/\/pasaenmendoza.com\/index.php?rest_route=\/wp\/v2\/posts"}],"about":[{"href":"https:\/\/pasaenmendoza.com\/index.php?rest_route=\/wp\/v2\/types\/post"}],"author":[{"embeddable":true,"href":"https:\/\/pasaenmendoza.com\/index.php?rest_route=\/wp\/v2\/users\/2"}],"replies":[{"embeddable":true,"href":"https:\/\/pasaenmendoza.com\/index.php?rest_route=%2Fwp%2Fv2%2Fcomments&post=15197"}],"version-history":[{"count":1,"href":"https:\/\/pasaenmendoza.com\/index.php?rest_route=\/wp\/v2\/posts\/15197\/revisions"}],"predecessor-version":[{"id":15199,"href":"https:\/\/pasaenmendoza.com\/index.php?rest_route=\/wp\/v2\/posts\/15197\/revisions\/15199"}],"wp:featuredmedia":[{"embeddable":true,"href":"https:\/\/pasaenmendoza.com\/index.php?rest_route=\/wp\/v2\/media\/15198"}],"wp:attachment":[{"href":"https:\/\/pasaenmendoza.com\/index.php?rest_route=%2Fwp%2Fv2%2Fmedia&parent=15197"}],"wp:term":[{"taxonomy":"category","embeddable":true,"href":"https:\/\/pasaenmendoza.com\/index.php?rest_route=%2Fwp%2Fv2%2Fcategories&post=15197"},{"taxonomy":"post_tag","embeddable":true,"href":"https:\/\/pasaenmendoza.com\/index.php?rest_route=%2Fwp%2Fv2%2Ftags&post=15197"}],"curies":[{"name":"wp","href":"https:\/\/api.w.org\/{rel}","templated":true}]}}