{"id":15210,"date":"2025-10-14T23:27:20","date_gmt":"2025-10-14T21:27:20","guid":{"rendered":"https:\/\/pasaenmendoza.com\/?p=15210"},"modified":"2025-10-14T23:27:21","modified_gmt":"2025-10-14T21:27:21","slug":"la-inflacion-de-septiembre-fue-de-22-en-mendoza-y-supero-por-01-al-indice-de-precios-nacional","status":"publish","type":"post","link":"https:\/\/pasaenmendoza.com\/?p=15210","title":{"rendered":"La inflaci\u00f3n de septiembre fue de 2,2% en Mendoza y super\u00f3 por 0,1% al \u00edndice de precios nacional"},"content":{"rendered":"\n<p>Despu\u00e9s del 1,9% de agosto, tal como lo pronosticaban las mediciones privadas la<strong>\u00a0inflaci\u00f3n\u00a0<\/strong>de septiembre super\u00f3 el 2%. Seg\u00fan el<strong>\u00a0IPC<\/strong>\u00a0(\u00cdndice de\u00a0<strong>Precios<\/strong>\u00a0al Consumidor) que calcula INDEC lleg\u00f3 al 2,1%, un registro que super\u00f3 levemente la variaci\u00f3n mensual en Mendoza, que para la Direcci\u00f3n de Estad\u00edsticas local (DEIE) lleg\u00f3 al 2,2%.<\/p>\n\n\n\n<p>As\u00ed, se confirma una ligera tendencia alcista que ven\u00eda d\u00e1ndose desde junio. Ese mes, la evoluci\u00f3n de precios hab\u00eda ca\u00eddo al 1,1% en Mendoza, la menor en mucho tiempo. A nivel pa\u00eds, hab\u00eda cedido de 2,8% al 1,5% en mayo, antes de iniciar un ascenso.<\/p>\n\n\n\n<p><strong>Vivienda<\/strong>&nbsp;y servicios, junto a&nbsp;<strong>Transporte<\/strong>&nbsp;y Comunicaci\u00f3n y&nbsp;<strong>Gastos para la Salud<\/strong>&nbsp;fueron los cap\u00edtulos que hicieron podio en la inflaci\u00f3n del noveno mes del a\u00f1o. En el plano nacional, el INDEC sum\u00f3 al gasto en&nbsp;<strong>Educaci\u00f3n<\/strong>&nbsp;y tambi\u00e9n las comunicaciones.<\/p>\n\n\n\n<p>Con los nuevos datos sobre la din\u00e1mica de precios, la evoluci\u00f3n interanual de la inflaci\u00f3n ya lleg\u00f3 al 29%, y al 31,8% respectivamente.<\/p>\n\n\n\n<p>Antes de conocerse el nuevo \u00edndice, el\u00a0FMI (Fondo Monetario Internacional) ajust\u00f3 su proyecci\u00f3n de inflaci\u00f3n para Argentina. En\u00a0<strong>abril<\/strong>\u00a0hab\u00eda estimado una variaci\u00f3n anual de\u00a0<strong>35,9%<\/strong>, que este martes actualiz\u00f3 a\u00a0<strong>41,3%<\/strong>.<\/p>\n\n\n\n<h2 class=\"wp-block-heading\">Vivienda y servicios, los rubros que empujaron el IPC de septiembre<\/h2>\n\n\n\n<p>Lo dicho: en Mendoza, el cap\u00edtulo<strong>&nbsp;Vivienda<\/strong>&nbsp;y tarifas de&nbsp;<strong>servicios<\/strong>&nbsp;fue el que m\u00e1s movi\u00f3 la aguja del IPC el mes pasado, con una evoluci\u00f3n del&nbsp;<strong>4%<\/strong>. Con ese registro, acumula un 29,6% en un a\u00f1o, convirti\u00e9ndose en el m\u00e1s inflacionario entre los componentes del \u00edndice.<\/p>\n\n\n\n<p>Sin embargo, el organismo estad\u00edstico sum\u00f3 tambi\u00e9n el&nbsp;<strong>gasto en alquiler,<\/strong>&nbsp;al asignarle el 4,5%. Y el costo de&nbsp;<strong>mantenimiento<\/strong>&nbsp;mec\u00e1nico de los&nbsp;<strong>medios de transporte&nbsp;<\/strong>(4,4%), pero en especial el incremento de&nbsp;<strong>combustible y lubricantes,&nbsp;<\/strong>un apartado en el que promediaron el 5% .<\/p>\n\n\n\n<p>M\u00e1s atr\u00e1s quedaron el gasto en salud (2,3%) y&nbsp;<strong>Alimentos y Bebidas&nbsp;<\/strong>(1,9%), habitualmente uno de los que empujan el IPC. En particular, la<strong>&nbsp;suba de precios de frutas y verduras<\/strong>&nbsp;por efecto de la estacionalidad fue el factor m\u00e1s incidental.<\/p>\n\n\n\n<p>Al mismo tiempo, la volatilidad del tipo de cambio y su traslado a precios es otro factor que para los analistas tambi\u00e9n influyeron en septiembre, sobre todo luego de que el d\u00f3lar rompiera la barrera de los $1.500, producto de un salto del 9,4%.<\/p>\n\n\n\n<p>A pesar de la ca\u00edda de las ventas minoristas, INDEC tambi\u00e9n posicion\u00f3 al rubro Prendas de vestir y Calzado entre los de mayor aumento, con el 2,1%.<\/p>\n\n\n\n<p><strong>Fuente: www.diariouno.com.ar<\/strong><\/p>\n","protected":false},"excerpt":{"rendered":"<p>Despu\u00e9s del 1,9% de agosto, tal como lo pronosticaban las mediciones privadas la\u00a0inflaci\u00f3n\u00a0de septiembre super\u00f3 el 2%. Seg\u00fan el\u00a0IPC\u00a0(\u00cdndice de\u00a0Precios\u00a0al Consumidor) que calcula INDEC lleg\u00f3 al 2,1%, un registro que super\u00f3 levemente la variaci\u00f3n mensual en Mendoza, que para la Direcci\u00f3n de Estad\u00edsticas local (DEIE) lleg\u00f3 al 2,2%. As\u00ed, se confirma una ligera tendencia alcista [&hellip;]<\/p>\n","protected":false},"author":2,"featured_media":15212,"comment_status":"open","ping_status":"open","sticky":false,"template":"","format":"standard","meta":[],"categories":[73],"tags":[],"_links":{"self":[{"href":"https:\/\/pasaenmendoza.com\/index.php?rest_route=\/wp\/v2\/posts\/15210"}],"collection":[{"href":"https:\/\/pasaenmendoza.com\/index.php?rest_route=\/wp\/v2\/posts"}],"about":[{"href":"https:\/\/pasaenmendoza.com\/index.php?rest_route=\/wp\/v2\/types\/post"}],"author":[{"embeddable":true,"href":"https:\/\/pasaenmendoza.com\/index.php?rest_route=\/wp\/v2\/users\/2"}],"replies":[{"embeddable":true,"href":"https:\/\/pasaenmendoza.com\/index.php?rest_route=%2Fwp%2Fv2%2Fcomments&post=15210"}],"version-history":[{"count":1,"href":"https:\/\/pasaenmendoza.com\/index.php?rest_route=\/wp\/v2\/posts\/15210\/revisions"}],"predecessor-version":[{"id":15213,"href":"https:\/\/pasaenmendoza.com\/index.php?rest_route=\/wp\/v2\/posts\/15210\/revisions\/15213"}],"wp:featuredmedia":[{"embeddable":true,"href":"https:\/\/pasaenmendoza.com\/index.php?rest_route=\/wp\/v2\/media\/15212"}],"wp:attachment":[{"href":"https:\/\/pasaenmendoza.com\/index.php?rest_route=%2Fwp%2Fv2%2Fmedia&parent=15210"}],"wp:term":[{"taxonomy":"category","embeddable":true,"href":"https:\/\/pasaenmendoza.com\/index.php?rest_route=%2Fwp%2Fv2%2Fcategories&post=15210"},{"taxonomy":"post_tag","embeddable":true,"href":"https:\/\/pasaenmendoza.com\/index.php?rest_route=%2Fwp%2Fv2%2Ftags&post=15210"}],"curies":[{"name":"wp","href":"https:\/\/api.w.org\/{rel}","templated":true}]}}