{"id":15217,"date":"2025-10-14T23:36:28","date_gmt":"2025-10-14T21:36:28","guid":{"rendered":"https:\/\/pasaenmendoza.com\/?p=15217"},"modified":"2025-10-14T23:36:29","modified_gmt":"2025-10-14T21:36:29","slug":"energias-renovables-y-capacitacion-tecnica-la-apuesta-de-la-dge-para-las-escuelas-tecnicas","status":"publish","type":"post","link":"https:\/\/pasaenmendoza.com\/?p=15217","title":{"rendered":"Energ\u00edas renovables y capacitaci\u00f3n t\u00e9cnica: la apuesta de la DGE para las escuelas t\u00e9cnicas"},"content":{"rendered":"\n<p>El encuentro\u00a0<strong>\u201cEnerg\u00eda y Movilidad del Futuro\u201d<\/strong>\u00a0se desarroll\u00f3 este martes en el\u00a0<strong>Espacio Cultural Julio Le Parc<\/strong>, con la participaci\u00f3n de\u00a0<strong>escuelas\u00a0t\u00e9cnicas, colegios privados y p\u00fablico en general<\/strong>. La iniciativa, organizada por la\u00a0<strong>Direcci\u00f3n de Educaci\u00f3n T\u00e9cnica y Trabajo<\/strong>\u00a0de la\u00a0<strong>DGE<\/strong>, el\u00a0<strong>Colegio de T\u00e9cnicos de Mendoza<\/strong>\u00a0y la empresa\u00a0<strong>EcoRoad<\/strong>, busc\u00f3 ofrecer una\u00a0<strong>experiencia inmersiva en innovaci\u00f3n tecnol\u00f3gica<\/strong>, combinando\u00a0<strong>charlas t\u00e9cnicas<\/strong>,\u00a0<strong>demostraciones en vivo<\/strong>\u00a0y\u00a0<strong>actividades interactivas<\/strong>.<\/p>\n\n\n\n<p>Durante la jornada, los asistentes pudieron conocer de cerca el\u00a0<strong>Tesla Model Y Juniper<\/strong>, reconocido como el\u00a0<strong>veh\u00edculo m\u00e1s vendido del mundo<\/strong>, referente en\u00a0<strong>tecnolog\u00eda y conducci\u00f3n aut\u00f3noma<\/strong>. Se mostraron sus\u00a0<strong>sistemas de propulsi\u00f3n el\u00e9ctrica<\/strong>,\u00a0<strong>seguridad inteligente<\/strong>\u00a0y\u00a0<strong>conectividad avanzada<\/strong>, permitiendo comprender c\u00f3mo estas soluciones est\u00e1n\u00a0<strong>transformando la movilidad del futuro<\/strong>.<\/p>\n\n\n\n<p>El encuentro incluy\u00f3 un bloque dedicado a&nbsp;<strong>desmitificar creencias<\/strong>&nbsp;sobre los&nbsp;<strong>autos el\u00e9ctricos<\/strong>, abordando su&nbsp;<strong>autonom\u00eda<\/strong>,&nbsp;<strong>costos<\/strong>,&nbsp;<strong>seguridad<\/strong>&nbsp;y&nbsp;<strong>desempe\u00f1o<\/strong>, con informaci\u00f3n basada en&nbsp;<strong>datos reales<\/strong>&nbsp;y&nbsp;<strong>experiencias concretas<\/strong>, fomentando una&nbsp;<strong>nueva era energ\u00e9tica<\/strong>.<\/p>\n\n\n\n<p>Adem\u00e1s, el espacio permiti\u00f3 observar\u00a0<strong>veh\u00edculos sustentables<\/strong>, debatir sobre\u00a0<strong>energ\u00edas renovables<\/strong>\u00a0y explorar la intersecci\u00f3n entre la\u00a0<strong>educaci\u00f3n t\u00e9cnica<\/strong>\u00a0y las\u00a0<strong>empresas del sector<\/strong>, con el objetivo de formar\u00a0<strong>t\u00e9cnicos con pensamiento innovador<\/strong>\u00a0capaces de enfrentar los\u00a0<strong>desaf\u00edos tecnol\u00f3gicos y clim\u00e1ticos<\/strong>\u00a0del siglo XXI.<\/p>\n\n\n\n<p><strong>Fuente: www.diariomendoza.com.ar<\/strong><a href=\"https:\/\/www.diariomendoza.com.ar\/mendoza\/una-delegacion-chilena-visito-mendoza-interiorizarse-modelo-provincial-alfabetizacion-n126510\"><\/a><\/p>\n","protected":false},"excerpt":{"rendered":"<p>El encuentro\u00a0\u201cEnerg\u00eda y Movilidad del Futuro\u201d\u00a0se desarroll\u00f3 este martes en el\u00a0Espacio Cultural Julio Le Parc, con la participaci\u00f3n de\u00a0escuelas\u00a0t\u00e9cnicas, colegios privados y p\u00fablico en general. La iniciativa, organizada por la\u00a0Direcci\u00f3n de Educaci\u00f3n T\u00e9cnica y Trabajo\u00a0de la\u00a0DGE, el\u00a0Colegio de T\u00e9cnicos de Mendoza\u00a0y la empresa\u00a0EcoRoad, busc\u00f3 ofrecer una\u00a0experiencia inmersiva en innovaci\u00f3n tecnol\u00f3gica, combinando\u00a0charlas t\u00e9cnicas,\u00a0demostraciones en vivo\u00a0y\u00a0actividades interactivas. [&hellip;]<\/p>\n","protected":false},"author":2,"featured_media":15218,"comment_status":"open","ping_status":"open","sticky":false,"template":"","format":"standard","meta":[],"categories":[121],"tags":[],"_links":{"self":[{"href":"https:\/\/pasaenmendoza.com\/index.php?rest_route=\/wp\/v2\/posts\/15217"}],"collection":[{"href":"https:\/\/pasaenmendoza.com\/index.php?rest_route=\/wp\/v2\/posts"}],"about":[{"href":"https:\/\/pasaenmendoza.com\/index.php?rest_route=\/wp\/v2\/types\/post"}],"author":[{"embeddable":true,"href":"https:\/\/pasaenmendoza.com\/index.php?rest_route=\/wp\/v2\/users\/2"}],"replies":[{"embeddable":true,"href":"https:\/\/pasaenmendoza.com\/index.php?rest_route=%2Fwp%2Fv2%2Fcomments&post=15217"}],"version-history":[{"count":1,"href":"https:\/\/pasaenmendoza.com\/index.php?rest_route=\/wp\/v2\/posts\/15217\/revisions"}],"predecessor-version":[{"id":15219,"href":"https:\/\/pasaenmendoza.com\/index.php?rest_route=\/wp\/v2\/posts\/15217\/revisions\/15219"}],"wp:featuredmedia":[{"embeddable":true,"href":"https:\/\/pasaenmendoza.com\/index.php?rest_route=\/wp\/v2\/media\/15218"}],"wp:attachment":[{"href":"https:\/\/pasaenmendoza.com\/index.php?rest_route=%2Fwp%2Fv2%2Fmedia&parent=15217"}],"wp:term":[{"taxonomy":"category","embeddable":true,"href":"https:\/\/pasaenmendoza.com\/index.php?rest_route=%2Fwp%2Fv2%2Fcategories&post=15217"},{"taxonomy":"post_tag","embeddable":true,"href":"https:\/\/pasaenmendoza.com\/index.php?rest_route=%2Fwp%2Fv2%2Ftags&post=15217"}],"curies":[{"name":"wp","href":"https:\/\/api.w.org\/{rel}","templated":true}]}}