{"id":15221,"date":"2025-10-15T15:02:52","date_gmt":"2025-10-15T13:02:52","guid":{"rendered":"https:\/\/pasaenmendoza.com\/?p=15221"},"modified":"2025-10-15T15:02:53","modified_gmt":"2025-10-15T13:02:53","slug":"el-tiempo-en-mendoza-para-este-miercoles-mas-calor-y-se-espera-que-baje-el-zonda","status":"publish","type":"post","link":"https:\/\/pasaenmendoza.com\/?p=15221","title":{"rendered":"El tiempo en Mendoza para este mi\u00e9rcoles: m\u00e1s calor y se espera que baje el Zonda"},"content":{"rendered":"\n<p>La temperatura m\u00e1xima para este mi\u00e9rcoles ser\u00e1 de 32 grados centigrados, mientras que la m\u00ednima se ubicar\u00e1 los 11 grados cent\u00edgrados.<\/p>\n\n\n\n<p>Adem\u00e1s, el\u00a0<strong>Servicio Meteorol\u00f3gico Nacional\u00a0<\/strong>asegur\u00f3 que estar\u00e1\u00a0<em>\u201calgo nublado con poco cambio de la temperatura\u201d<\/em>.<\/p>\n\n\n\n<p>Se prev\u00e9 circulaci\u00f3n de viento&nbsp;vientos moderados del sector sur. En cuanto al<strong>&nbsp;Zonda<\/strong>, podr\u00eda bajar en la precordillera y sectores del llano.<\/p>\n\n\n\n<p>El tiempo en alta monta\u00f1a: nubosidad variable con precipitaciones aisladas y algo ventoso.<\/p>\n\n\n\n<p><strong>Fuente: www.elsol.com.ar<\/strong><\/p>\n","protected":false},"excerpt":{"rendered":"<p>La temperatura m\u00e1xima para este mi\u00e9rcoles ser\u00e1 de 32 grados centigrados, mientras que la m\u00ednima se ubicar\u00e1 los 11 grados cent\u00edgrados. Adem\u00e1s, el\u00a0Servicio Meteorol\u00f3gico Nacional\u00a0asegur\u00f3 que estar\u00e1\u00a0\u201calgo nublado con poco cambio de la temperatura\u201d. Se prev\u00e9 circulaci\u00f3n de viento&nbsp;vientos moderados del sector sur. En cuanto al&nbsp;Zonda, podr\u00eda bajar en la precordillera y sectores del llano. [&hellip;]<\/p>\n","protected":false},"author":2,"featured_media":15223,"comment_status":"open","ping_status":"open","sticky":false,"template":"","format":"standard","meta":[],"categories":[52],"tags":[],"_links":{"self":[{"href":"https:\/\/pasaenmendoza.com\/index.php?rest_route=\/wp\/v2\/posts\/15221"}],"collection":[{"href":"https:\/\/pasaenmendoza.com\/index.php?rest_route=\/wp\/v2\/posts"}],"about":[{"href":"https:\/\/pasaenmendoza.com\/index.php?rest_route=\/wp\/v2\/types\/post"}],"author":[{"embeddable":true,"href":"https:\/\/pasaenmendoza.com\/index.php?rest_route=\/wp\/v2\/users\/2"}],"replies":[{"embeddable":true,"href":"https:\/\/pasaenmendoza.com\/index.php?rest_route=%2Fwp%2Fv2%2Fcomments&post=15221"}],"version-history":[{"count":1,"href":"https:\/\/pasaenmendoza.com\/index.php?rest_route=\/wp\/v2\/posts\/15221\/revisions"}],"predecessor-version":[{"id":15224,"href":"https:\/\/pasaenmendoza.com\/index.php?rest_route=\/wp\/v2\/posts\/15221\/revisions\/15224"}],"wp:featuredmedia":[{"embeddable":true,"href":"https:\/\/pasaenmendoza.com\/index.php?rest_route=\/wp\/v2\/media\/15223"}],"wp:attachment":[{"href":"https:\/\/pasaenmendoza.com\/index.php?rest_route=%2Fwp%2Fv2%2Fmedia&parent=15221"}],"wp:term":[{"taxonomy":"category","embeddable":true,"href":"https:\/\/pasaenmendoza.com\/index.php?rest_route=%2Fwp%2Fv2%2Fcategories&post=15221"},{"taxonomy":"post_tag","embeddable":true,"href":"https:\/\/pasaenmendoza.com\/index.php?rest_route=%2Fwp%2Fv2%2Ftags&post=15221"}],"curies":[{"name":"wp","href":"https:\/\/api.w.org\/{rel}","templated":true}]}}