{"id":15225,"date":"2025-10-15T15:08:14","date_gmt":"2025-10-15T13:08:14","guid":{"rendered":"https:\/\/pasaenmendoza.com\/?p=15225"},"modified":"2025-10-15T15:08:15","modified_gmt":"2025-10-15T13:08:15","slug":"alerta-por-zonda-las-zonas-afectadas-y-a-que-hora-bajara-el-viento","status":"publish","type":"post","link":"https:\/\/pasaenmendoza.com\/?p=15225","title":{"rendered":"Alerta por Zonda: las zonas afectadas y a qu\u00e9 hora bajar\u00e1 el viento"},"content":{"rendered":"\n<p>El Servicio Meteorol\u00f3gico Nacional emiti\u00f3 un alerta en nivel amarillo para varias zonas de Mendoza por viento Zonda.&nbsp;<\/p>\n\n\n\n<p>Las zonas donde impactar\u00e1 en el llano:<\/p>\n\n\n\n<ul>\n<li>Jun\u00edn \u2013 Rivadavia \u2013 Valles de Luj\u00e1n de Cuyo \u2013 Valles de San Carlos \u2013 Valles de Tunuy\u00e1n \u2013 Valles de Tupungato, por la tarde.<\/li>\n\n\n\n<li>Precordillera de Las Heras \u2013 Precordillera de Luj\u00e1n de Cuyo, por la tarde.<\/li>\n\n\n\n<li>Jun\u00edn \u2013 Rivadavia \u2013 Valles de Luj\u00e1n de Cuyo \u2013 Valles de San Carlos \u2013 Valles de Tunuy\u00e1n \u2013 Valles de Tupungato, por la tarde.<\/li>\n\n\n\n<li>General Alvear \u2013 Zona baja de San Rafael, por la tarde.<\/li>\n\n\n\n<li>Zona baja de Malarg\u00fce, ma\u00f1ana y tarde.<\/li>\n<\/ul>\n\n\n\n<p>Esto implica que el \u00e1rea ser\u00e1 afectada por viento Zonda con velocidades estimadas entre 30 y 45 kil\u00f3metros por hora, con r\u00e1fagas que podr\u00edan alcanzar los 75 kil\u00f3metros por hora. Este fen\u00f3meno puede provocar reducci\u00f3n de la visibilidad, aumento repentino de la temperatura y condiciones de humedad relativa muy bajas.<\/p>\n\n\n\n<ul>\n<li>Este de Las Heras \u2013 La Paz \u2013 Lavalle \u2013 San Mart\u00edn \u2013 Santa Rosa, en la noche, con velocidades entre 35 y 55 kil\u00f3metros por hora y r\u00e1fagas que pueden alcanzar los 80 kil\u00f3metros por hora.<\/li>\n\n\n\n<li>General Alvear \u2013 Zona baja de San Rafael, por la noche<\/li>\n<\/ul>\n\n\n\n<p><strong>Fuente: www.elsol.com.ar<\/strong><\/p>\n","protected":false},"excerpt":{"rendered":"<p>El Servicio Meteorol\u00f3gico Nacional emiti\u00f3 un alerta en nivel amarillo para varias zonas de Mendoza por viento Zonda.&nbsp; Las zonas donde impactar\u00e1 en el llano: Esto implica que el \u00e1rea ser\u00e1 afectada por viento Zonda con velocidades estimadas entre 30 y 45 kil\u00f3metros por hora, con r\u00e1fagas que podr\u00edan alcanzar los 75 kil\u00f3metros por hora. [&hellip;]<\/p>\n","protected":false},"author":2,"featured_media":15226,"comment_status":"open","ping_status":"open","sticky":false,"template":"","format":"standard","meta":[],"categories":[46],"tags":[],"_links":{"self":[{"href":"https:\/\/pasaenmendoza.com\/index.php?rest_route=\/wp\/v2\/posts\/15225"}],"collection":[{"href":"https:\/\/pasaenmendoza.com\/index.php?rest_route=\/wp\/v2\/posts"}],"about":[{"href":"https:\/\/pasaenmendoza.com\/index.php?rest_route=\/wp\/v2\/types\/post"}],"author":[{"embeddable":true,"href":"https:\/\/pasaenmendoza.com\/index.php?rest_route=\/wp\/v2\/users\/2"}],"replies":[{"embeddable":true,"href":"https:\/\/pasaenmendoza.com\/index.php?rest_route=%2Fwp%2Fv2%2Fcomments&post=15225"}],"version-history":[{"count":1,"href":"https:\/\/pasaenmendoza.com\/index.php?rest_route=\/wp\/v2\/posts\/15225\/revisions"}],"predecessor-version":[{"id":15227,"href":"https:\/\/pasaenmendoza.com\/index.php?rest_route=\/wp\/v2\/posts\/15225\/revisions\/15227"}],"wp:featuredmedia":[{"embeddable":true,"href":"https:\/\/pasaenmendoza.com\/index.php?rest_route=\/wp\/v2\/media\/15226"}],"wp:attachment":[{"href":"https:\/\/pasaenmendoza.com\/index.php?rest_route=%2Fwp%2Fv2%2Fmedia&parent=15225"}],"wp:term":[{"taxonomy":"category","embeddable":true,"href":"https:\/\/pasaenmendoza.com\/index.php?rest_route=%2Fwp%2Fv2%2Fcategories&post=15225"},{"taxonomy":"post_tag","embeddable":true,"href":"https:\/\/pasaenmendoza.com\/index.php?rest_route=%2Fwp%2Fv2%2Ftags&post=15225"}],"curies":[{"name":"wp","href":"https:\/\/api.w.org\/{rel}","templated":true}]}}