{"id":15237,"date":"2025-10-15T23:41:41","date_gmt":"2025-10-15T21:41:41","guid":{"rendered":"https:\/\/pasaenmendoza.com\/?p=15237"},"modified":"2025-10-15T23:41:42","modified_gmt":"2025-10-15T21:41:42","slug":"la-policia-de-mendoza-celebrara-sus-215-anos-con-un-desfile-en-el-rosedal-del-parque","status":"publish","type":"post","link":"https:\/\/pasaenmendoza.com\/?p=15237","title":{"rendered":"La Polic\u00eda de Mendoza celebrar\u00e1 sus 215 a\u00f1os, con un desfile en el Rosedal del Parque"},"content":{"rendered":"\n<p>La\u00a0<strong>Polic\u00eda de Mendoza<\/strong>\u00a0celebrar\u00e1 el pr\u00f3ximo\u00a0<strong>lunes 20 de octubre<\/strong>\u00a0sus\u00a0<strong>215 a\u00f1os de\u00a0historia<\/strong>\u00a0con un\u00a0<strong>desfile institucional<\/strong>\u00a0en las calles de\u00a0<strong>El Rosedal<\/strong>, ubicado en el\u00a0<strong>Parque General San Mart\u00edn<\/strong>.\u00a0La actividad comenzar\u00e1 a las\u00a0<strong>17<\/strong>\u00a0y contar\u00e1 con la participaci\u00f3n de\u00a0<strong>divisiones de todas las dependencias policiales<\/strong>, que marchar\u00e1n en formaci\u00f3n frente al p\u00fablico mendocino.<\/p>\n\n\n\n<p>Seg\u00fan lo comunicado por el Gobierno provincial, el evento busca destacar la\u00a0<strong>trayectoria<\/strong>\u00a0de la fuerza y su\u00a0<strong>compromiso con la seguridad ciudadana<\/strong>, en una jornada que combinar\u00e1\u00a0<strong>color, disciplina y emoci\u00f3n<\/strong>. Desde\u00a0<strong>comisar\u00edas y unidades especiales<\/strong>\u00a0hasta\u00a0<strong>Bomberos, Canes y Fuerzas de Operaciones Especiales<\/strong>, cada cuerpo mostrar\u00e1 su\u00a0<strong>profesionalismo<\/strong>\u00a0y\u00a0<strong>coordinaci\u00f3n<\/strong>\u00a0en un despliegue que promete ser tanto\u00a0<strong>imponente como simb\u00f3lico<\/strong>.<\/p>\n\n\n\n<p>Antes del inicio del desfile, se realizar\u00e1 la&nbsp;<strong>entrega de distinciones<\/strong>&nbsp;al&nbsp;<strong>personal y unidades destacadas<\/strong>&nbsp;durante el \u00faltimo a\u00f1o, en reconocimiento a su&nbsp;<strong>vocaci\u00f3n de servicio<\/strong>,&nbsp;<strong>compromiso<\/strong>&nbsp;y&nbsp;<strong>dedicaci\u00f3n<\/strong>. Entre los galardones figuran los&nbsp;<strong>Premios Director General de Relaciones con la Comunidad<\/strong>,&nbsp;<strong>Director General de Investigaciones<\/strong>,&nbsp;<strong>Director General de Polic\u00edas<\/strong>,&nbsp;<strong>Subsecretario de Tecnolog\u00eda Aplicada a la Seguridad<\/strong>,&nbsp;<strong>Ministra de Seguridad y Justicia<\/strong>,&nbsp;<strong>Vicegobernadora de la Provincia<\/strong>&nbsp;y&nbsp;<strong>Gobernador de la Provincia<\/strong>.<\/p>\n\n\n\n<p>En el marco de la conmemoraci\u00f3n tambi\u00e9n se llevar\u00e1 a cabo la\u00a0<strong>entrega de bastones de mando<\/strong>\u00a0a los\u00a0<strong>seis comisarios generales recientemente ascendidos<\/strong>, en reconocimiento a su\u00a0<strong>trayectoria<\/strong>\u00a0y\u00a0<strong>liderazgo<\/strong>\u00a0dentro de la instituci\u00f3n. El\u00a0<strong>bast\u00f3n de mando<\/strong>\u00a0representa la\u00a0<strong>autoridad<\/strong>, la\u00a0<strong>responsabilidad<\/strong>\u00a0y el\u00a0<strong>honor<\/strong>\u00a0de quienes alcanzan la m\u00e1xima jerarqu\u00eda dentro de la\u00a0<strong>Polic\u00eda de Mendoza<\/strong>.<\/p>\n\n\n\n<p><strong>Fuente: www.diariomendoza.com.ar<\/strong><\/p>\n","protected":false},"excerpt":{"rendered":"<p>La\u00a0Polic\u00eda de Mendoza\u00a0celebrar\u00e1 el pr\u00f3ximo\u00a0lunes 20 de octubre\u00a0sus\u00a0215 a\u00f1os de\u00a0historia\u00a0con un\u00a0desfile institucional\u00a0en las calles de\u00a0El Rosedal, ubicado en el\u00a0Parque General San Mart\u00edn.\u00a0La actividad comenzar\u00e1 a las\u00a017\u00a0y contar\u00e1 con la participaci\u00f3n de\u00a0divisiones de todas las dependencias policiales, que marchar\u00e1n en formaci\u00f3n frente al p\u00fablico mendocino. Seg\u00fan lo comunicado por el Gobierno provincial, el evento busca destacar [&hellip;]<\/p>\n","protected":false},"author":2,"featured_media":15238,"comment_status":"open","ping_status":"open","sticky":false,"template":"","format":"standard","meta":[],"categories":[50],"tags":[],"_links":{"self":[{"href":"https:\/\/pasaenmendoza.com\/index.php?rest_route=\/wp\/v2\/posts\/15237"}],"collection":[{"href":"https:\/\/pasaenmendoza.com\/index.php?rest_route=\/wp\/v2\/posts"}],"about":[{"href":"https:\/\/pasaenmendoza.com\/index.php?rest_route=\/wp\/v2\/types\/post"}],"author":[{"embeddable":true,"href":"https:\/\/pasaenmendoza.com\/index.php?rest_route=\/wp\/v2\/users\/2"}],"replies":[{"embeddable":true,"href":"https:\/\/pasaenmendoza.com\/index.php?rest_route=%2Fwp%2Fv2%2Fcomments&post=15237"}],"version-history":[{"count":1,"href":"https:\/\/pasaenmendoza.com\/index.php?rest_route=\/wp\/v2\/posts\/15237\/revisions"}],"predecessor-version":[{"id":15239,"href":"https:\/\/pasaenmendoza.com\/index.php?rest_route=\/wp\/v2\/posts\/15237\/revisions\/15239"}],"wp:featuredmedia":[{"embeddable":true,"href":"https:\/\/pasaenmendoza.com\/index.php?rest_route=\/wp\/v2\/media\/15238"}],"wp:attachment":[{"href":"https:\/\/pasaenmendoza.com\/index.php?rest_route=%2Fwp%2Fv2%2Fmedia&parent=15237"}],"wp:term":[{"taxonomy":"category","embeddable":true,"href":"https:\/\/pasaenmendoza.com\/index.php?rest_route=%2Fwp%2Fv2%2Fcategories&post=15237"},{"taxonomy":"post_tag","embeddable":true,"href":"https:\/\/pasaenmendoza.com\/index.php?rest_route=%2Fwp%2Fv2%2Ftags&post=15237"}],"curies":[{"name":"wp","href":"https:\/\/api.w.org\/{rel}","templated":true}]}}