{"id":15240,"date":"2025-10-15T23:47:15","date_gmt":"2025-10-15T21:47:15","guid":{"rendered":"https:\/\/pasaenmendoza.com\/?p=15240"},"modified":"2025-10-15T23:47:16","modified_gmt":"2025-10-15T21:47:16","slug":"un-fuerte-temblor-se-sintio-en-mendoza-y-es-el-segundo-en-lo-que-va-de-la-semana","status":"publish","type":"post","link":"https:\/\/pasaenmendoza.com\/?p=15240","title":{"rendered":"Un fuerte temblor se sinti\u00f3 en Mendoza y es el segundo en lo que va de la semana"},"content":{"rendered":"\n<p>Un fuerte\u00a0<strong>temblor<\/strong>\u00a0se hizo sentir en la ma\u00f1ana de este mi\u00e9rcoles en\u00a0<strong>Mendoza<\/strong>. El movimiento tel\u00farico ocurri\u00f3 minutos antes de las 9 y fue percibido en la zona del Gran Mendoza. Es el segundo sismo de intensidad que se siente en lo que va de la semana, luego del que se registr\u00f3 el lunes pasado por la tarde.<\/p>\n\n\n\n<p>A las 8:43 un\u00a0<strong>temblor\u00a0<\/strong>azot\u00f3 al territorio mendocino, con un fuerte movimiento tel\u00farico del cual a\u00fan se desconoce la magnitud. Lo que se sabe es que el epicentro se dio en\u00a0<strong>Chile<\/strong>, puntualmente en Parque Fray Jorge, en la comuna de Ovalle, Regi\u00f3n de Coquimbo, con una magnitud de 5.5.<\/p>\n\n\n\n<p>Producto del&nbsp;<strong>sismo<\/strong>, distintos puntos de&nbsp;<strong>Mendoza&nbsp;<\/strong>activaron su protocolo de evacuaci\u00f3n. Entre ellos, el personal de la Subsecretar\u00eda de Trabajo decidi\u00f3 abandonar el edificio para resguardarse.<\/p>\n\n\n\n<p>De acuerdo a lo informado por el Centro S\u00edsmico Nacional de la Universidad de Chile, el\u00a0<strong>temblor\u00a0<\/strong>se dio a las 08:43:39, de magnitud 5.5 y con 49 km de profundidad. El INPRES, en cambio, detalla que el\u00a0<strong>sismo\u00a0<\/strong>fue a 19 km de profundidad.<\/p>\n\n\n\n<h2 class=\"wp-block-heading\">Segundo temblor de la semana en Mendoza<\/h2>\n\n\n\n<p>Se trata del segundo&nbsp;<strong>sismo&nbsp;<\/strong>que azota a la provincia en lo que va de la semana, y es que el primero ocurri\u00f3 el pasado lunes.<\/p>\n\n\n\n<p>Se trat\u00f3 de un\u00a0<strong>temblor<\/strong>\u00a0de 4.6 grados en la escala de Richter se registr\u00f3 este lunes a las 15.58 en\u00a0<strong>Mendoza,<\/strong>\u00a0<strong>San Juan<\/strong>\u00a0y en\u00a0<strong>Chile (Coquimbo),<\/strong>\u00a0seg\u00fan inform\u00f3 el Instituto Nacional de Prevenci\u00f3n S\u00edsmica (Inpres).<\/p>\n\n\n\n<p>El epicentro del\u00a0<strong>sismo\u00a0<\/strong>se ubic\u00f3 en el l\u00edmite entre ambas provincias, cerca de Uspallata y Barreal. El Inpres precis\u00f3 que ocurri\u00f3 a 104 kil\u00f3metros al noroeste de la Ciudad de Mendoza, a 105 kil\u00f3metros al suroeste de la Ciudad de San Juan y a 48 kil\u00f3metros al sur de Barreal.<\/p>\n\n\n\n<p><strong>Fuente: www.diariouno.com.ar<\/strong><\/p>\n","protected":false},"excerpt":{"rendered":"<p>Un fuerte\u00a0temblor\u00a0se hizo sentir en la ma\u00f1ana de este mi\u00e9rcoles en\u00a0Mendoza. El movimiento tel\u00farico ocurri\u00f3 minutos antes de las 9 y fue percibido en la zona del Gran Mendoza. Es el segundo sismo de intensidad que se siente en lo que va de la semana, luego del que se registr\u00f3 el lunes pasado por la [&hellip;]<\/p>\n","protected":false},"author":2,"featured_media":15241,"comment_status":"open","ping_status":"open","sticky":false,"template":"","format":"standard","meta":[],"categories":[63],"tags":[],"_links":{"self":[{"href":"https:\/\/pasaenmendoza.com\/index.php?rest_route=\/wp\/v2\/posts\/15240"}],"collection":[{"href":"https:\/\/pasaenmendoza.com\/index.php?rest_route=\/wp\/v2\/posts"}],"about":[{"href":"https:\/\/pasaenmendoza.com\/index.php?rest_route=\/wp\/v2\/types\/post"}],"author":[{"embeddable":true,"href":"https:\/\/pasaenmendoza.com\/index.php?rest_route=\/wp\/v2\/users\/2"}],"replies":[{"embeddable":true,"href":"https:\/\/pasaenmendoza.com\/index.php?rest_route=%2Fwp%2Fv2%2Fcomments&post=15240"}],"version-history":[{"count":1,"href":"https:\/\/pasaenmendoza.com\/index.php?rest_route=\/wp\/v2\/posts\/15240\/revisions"}],"predecessor-version":[{"id":15242,"href":"https:\/\/pasaenmendoza.com\/index.php?rest_route=\/wp\/v2\/posts\/15240\/revisions\/15242"}],"wp:featuredmedia":[{"embeddable":true,"href":"https:\/\/pasaenmendoza.com\/index.php?rest_route=\/wp\/v2\/media\/15241"}],"wp:attachment":[{"href":"https:\/\/pasaenmendoza.com\/index.php?rest_route=%2Fwp%2Fv2%2Fmedia&parent=15240"}],"wp:term":[{"taxonomy":"category","embeddable":true,"href":"https:\/\/pasaenmendoza.com\/index.php?rest_route=%2Fwp%2Fv2%2Fcategories&post=15240"},{"taxonomy":"post_tag","embeddable":true,"href":"https:\/\/pasaenmendoza.com\/index.php?rest_route=%2Fwp%2Fv2%2Ftags&post=15240"}],"curies":[{"name":"wp","href":"https:\/\/api.w.org\/{rel}","templated":true}]}}