{"id":15243,"date":"2025-10-15T23:51:27","date_gmt":"2025-10-15T21:51:27","guid":{"rendered":"https:\/\/pasaenmendoza.com\/?p=15243"},"modified":"2025-10-15T23:51:28","modified_gmt":"2025-10-15T21:51:28","slug":"la-dge-abrio-las-inscripciones-para-que-casi-30-000-alumnos-de-7-grado-ingresen-a-la-secundaria","status":"publish","type":"post","link":"https:\/\/pasaenmendoza.com\/?p=15243","title":{"rendered":"La DGE abri\u00f3 las inscripciones para que casi 30.000 alumnos de 7\u00b0 grado ingresen a la secundaria"},"content":{"rendered":"\n<p>Las\u00a0<strong>escuelas secundarias<\/strong>\u00a0de\u00a0<strong>Mendoza<\/strong>\u00a0est\u00e1n en plena instancia de<strong>\u00a0inscripci\u00f3n<\/strong>\u00a0para que unos 29.000 alumnos que actualmente cursan 7\u00b0 grado ingresen al<strong>\u00a0nivel medio<\/strong>. Seg\u00fan explic\u00f3 la directora de\u00a0<strong>Secundaria<\/strong>, Cecilia P\u00e1ez, La Direcci\u00f3n General de Escuelas (<strong>DGE<\/strong>) habr\u00e1 bancos para todos los chicos sin inconvenientes, ya que a las vacantes de las\u00a0<strong>DGE<\/strong>, se le suman las de gesti\u00f3n privada y las de<strong>\u00a0escuelas<\/strong>\u00a0de la UNCuyo, con un total de 32.000 vacantes disponibles.<\/p>\n\n\n\n<p>La funcionara difundi\u00f3, adem\u00e1s, las pautas y fechas del proceso de ingreso a primer a\u00f1o del\u00a0<strong>nivel secundario<\/strong>\u00a0en<strong>\u00a0escuelas<\/strong>\u00a0estatales para el ciclo lectivo 2026.<\/p>\n\n\n\n<h2 class=\"wp-block-heading\"><strong>Las instancias de inscripci\u00f3n en la secundaria<\/strong><\/h2>\n\n\n\n<p>En cuanto a la primera etapa de&nbsp;<strong>inscripci\u00f3n<\/strong>, esta se realiza de manera presencial en cada<strong>&nbsp;escuela secundaria<\/strong>&nbsp;y est\u00e1 destinada a quienes tienen prioridad de ingreso por discapacidad, v\u00ednculo familiar o cercan\u00eda.<\/p>\n\n\n\n<ul>\n<li><strong>13 de octubre:<\/strong>&nbsp;preinscripci\u00f3n de estudiantes con discapacidad certificada.<strong>16 de octubre:<\/strong>&nbsp;carga en GEI (inscripci\u00f3n definitiva).<\/li>\n\n\n\n<li><strong>14 y 15 de octubre:<\/strong>&nbsp;preinscripci\u00f3n de hermanos\/as de estudiantes que ya asisten a la escuela.<strong>16 y 17 de octubre:<\/strong>&nbsp;carga en GEI.<\/li>\n\n\n\n<li><strong>20 al 23 de octubre:<\/strong>&nbsp;preinscripci\u00f3n de hijos\/as de docentes, alumnos de edificios compartidos o cercanos, de escuelas art\u00edsticas y estudiantes del n\u00facleo de articulaci\u00f3n.<strong>24 de octubre:<\/strong>&nbsp;inscripci\u00f3n definitiva.<\/li>\n\n\n\n<li><strong>27 y 28 de octubre:<\/strong>&nbsp;preinscripci\u00f3n de abanderados y escoltas titulares.<strong>29 y 30 de octubre:<\/strong>&nbsp;inscripci\u00f3n en GEI.<\/li>\n<\/ul>\n\n\n\n<p>El listado con los estudiantes que obtuvieron banco asignado se publicar\u00e1 los&nbsp;<strong>3 y 4 de noviembre.<\/strong><\/p>\n\n\n\n<p><strong>La segunda instancia&nbsp;<\/strong>de inscripci\u00f3n corresponde a los estudiantes que no obtuvieron banco en la primera etapa, estos deber\u00e1n participar de la selecci\u00f3n de opciones a trav\u00e9s del sistema&nbsp;<strong>GEI-PAD<\/strong>:<\/p>\n\n\n\n<ul>\n<li><strong>5, 6 y 7 de noviembre:<\/strong>&nbsp;elecci\u00f3n de entre 3 y 5 escuelas de gesti\u00f3n estatal.<\/li>\n\n\n\n<li><strong>10 de noviembre:<\/strong>&nbsp;publicaci\u00f3n de opciones realizadas.<\/li>\n\n\n\n<li><strong>11 y 12 de noviembre:<\/strong>&nbsp;correcci\u00f3n de errores.<\/li>\n\n\n\n<li><strong>14 de noviembre:<\/strong>&nbsp;corrida inform\u00e1tica para la asignaci\u00f3n de bancos.<\/li>\n\n\n\n<li><strong>17 de noviembre:<\/strong>&nbsp;publicaci\u00f3n de resultados.<\/li>\n\n\n\n<li><strong>18 al 20 de noviembre:<\/strong>&nbsp;confirmaci\u00f3n de la inscripci\u00f3n presencial en la escuela asignada o renuncia al banco.<\/li>\n<\/ul>\n\n\n\n<p>Quienes no se presenten en ese per\u00edodo perder\u00e1n la<strong>&nbsp;vacante.<\/strong><\/p>\n\n\n\n<p><strong>Tercera instancia: asignaci\u00f3n por supervisi\u00f3n<\/strong><\/p>\n\n\n\n<p>Del\u00a0<strong>25 al 28 de noviembre<\/strong>, los estudiantes sin banco deber\u00e1n asistir a las sedes de supervisi\u00f3n de Educaci\u00f3n\u00a0<strong>Secundaria<\/strong>, donde se ofrecer\u00e1n vacantes disponibles. La asignaci\u00f3n se realiza en el momento y debe confirmarse en la escuela correspondiente.<\/p>\n\n\n\n<p><strong>Cuarta instancia: asignaci\u00f3n por Direcci\u00f3n de L\u00ednea<\/strong><\/p>\n\n\n\n<p>Para los alumnos que a\u00fan no cuenten con banco asignado:<\/p>\n\n\n\n<p><strong>1, 2 y 3 de diciembre:<\/strong>&nbsp;preinscripci\u00f3n virtual por correo electr\u00f3nico a&nbsp;educaciontecnicaytrabajo@gmail.com&nbsp;y&nbsp;dge.inscripciones.des@gmail.com<\/p>\n\n\n\n<ul>\n<li>Hasta el 3 de diciembre: plazo para completar el formulario.<\/li>\n\n\n\n<li>Del 4 al 10 de diciembre: asignaci\u00f3n de banco seg\u00fan vacantes disponibles.<\/li>\n\n\n\n<li>Del 4 al 11 de diciembre: confirmaci\u00f3n presencial en la escuela.<\/li>\n<\/ul>\n\n\n\n<h2 class=\"wp-block-heading\">Requisitos y criterios de prioridad para inscripciones<\/h2>\n\n\n\n<p>Para completar la<strong>&nbsp;inscripci\u00f3n<\/strong>, las familias deber\u00e1n presentar el DNI y la partida de nacimiento del<strong>&nbsp;alumno<\/strong>&nbsp;o alumna, junto con un comprobante de domicilio actualizado. En caso de corresponder, se solicitar\u00e1n certificados que acrediten discapacidad, v\u00ednculo familiar o m\u00e9rito&nbsp;<strong>escolar<\/strong>, como tambi\u00e9n la documentaci\u00f3n complementaria establecida en la Resoluci\u00f3n 3400\/18-DGE para los<strong>&nbsp;estudiantes&nbsp;<\/strong>con discapacidad.<\/p>\n\n\n\n<p>La asignaci\u00f3n de vacantes se definir\u00e1 en base a las siguientes prioridades:&nbsp;<strong>alumnos<\/strong>&nbsp;con discapacidad, hermanos de estudiantes que ya asisten a la instituci\u00f3n, hijos de personal docente o no docente, chicos que provienen de la escuela de origen o de edificios compartidos o cercanos, estudiantes pertenecientes al n\u00facleo de articulaci\u00f3n, abanderados y escoltas titulares y finalmente aquellos que cumplen con el criterio de cercan\u00eda domiciliaria.<\/p>\n\n\n\n<h2 class=\"wp-block-heading\">Qu\u00e9 pasa con los chicos que rinden en la UNCuyo<\/h2>\n\n\n\n<p>P\u00e1ez aclar\u00f3 que los&nbsp;<strong>alumnos<\/strong>&nbsp;que han decidido rendir para ingresar en la&nbsp;<strong>UNCuyo<\/strong>&nbsp;pero igualmente quieren asegurarse un banco en las escuelas estatales de la provincia, pueden inscribirse, ya que los procesos no son excluyentes.<\/p>\n\n\n\n<p>En caso de obtener un lugar en los colegios de la universidad, lo que deben hacer es dirigirse a la<strong>\u00a0escuela<\/strong>\u00a0estatal en la que consiguieron banco y renunciar a esta posibilidad. Esto para que la\u00a0<strong>DGE<\/strong>\u00a0disponga de la vacante y se la pueda dar a otro aspirante.<\/p>\n\n\n\n<p><strong>Fuente: www.diariouno.com.ar<\/strong><\/p>\n","protected":false},"excerpt":{"rendered":"<p>Las\u00a0escuelas secundarias\u00a0de\u00a0Mendoza\u00a0est\u00e1n en plena instancia de\u00a0inscripci\u00f3n\u00a0para que unos 29.000 alumnos que actualmente cursan 7\u00b0 grado ingresen al\u00a0nivel medio. Seg\u00fan explic\u00f3 la directora de\u00a0Secundaria, Cecilia P\u00e1ez, La Direcci\u00f3n General de Escuelas (DGE) habr\u00e1 bancos para todos los chicos sin inconvenientes, ya que a las vacantes de las\u00a0DGE, se le suman las de gesti\u00f3n privada y las [&hellip;]<\/p>\n","protected":false},"author":2,"featured_media":15244,"comment_status":"open","ping_status":"open","sticky":false,"template":"","format":"standard","meta":[],"categories":[121],"tags":[],"_links":{"self":[{"href":"https:\/\/pasaenmendoza.com\/index.php?rest_route=\/wp\/v2\/posts\/15243"}],"collection":[{"href":"https:\/\/pasaenmendoza.com\/index.php?rest_route=\/wp\/v2\/posts"}],"about":[{"href":"https:\/\/pasaenmendoza.com\/index.php?rest_route=\/wp\/v2\/types\/post"}],"author":[{"embeddable":true,"href":"https:\/\/pasaenmendoza.com\/index.php?rest_route=\/wp\/v2\/users\/2"}],"replies":[{"embeddable":true,"href":"https:\/\/pasaenmendoza.com\/index.php?rest_route=%2Fwp%2Fv2%2Fcomments&post=15243"}],"version-history":[{"count":1,"href":"https:\/\/pasaenmendoza.com\/index.php?rest_route=\/wp\/v2\/posts\/15243\/revisions"}],"predecessor-version":[{"id":15245,"href":"https:\/\/pasaenmendoza.com\/index.php?rest_route=\/wp\/v2\/posts\/15243\/revisions\/15245"}],"wp:featuredmedia":[{"embeddable":true,"href":"https:\/\/pasaenmendoza.com\/index.php?rest_route=\/wp\/v2\/media\/15244"}],"wp:attachment":[{"href":"https:\/\/pasaenmendoza.com\/index.php?rest_route=%2Fwp%2Fv2%2Fmedia&parent=15243"}],"wp:term":[{"taxonomy":"category","embeddable":true,"href":"https:\/\/pasaenmendoza.com\/index.php?rest_route=%2Fwp%2Fv2%2Fcategories&post=15243"},{"taxonomy":"post_tag","embeddable":true,"href":"https:\/\/pasaenmendoza.com\/index.php?rest_route=%2Fwp%2Fv2%2Ftags&post=15243"}],"curies":[{"name":"wp","href":"https:\/\/api.w.org\/{rel}","templated":true}]}}