{"id":15246,"date":"2025-10-16T16:11:07","date_gmt":"2025-10-16T14:11:07","guid":{"rendered":"https:\/\/pasaenmendoza.com\/?p=15246"},"modified":"2025-10-16T16:11:08","modified_gmt":"2025-10-16T14:11:08","slug":"el-tiempo-en-mendoza-para-este-jueves-afloja-el-calor-pero-el-finde-vuelve","status":"publish","type":"post","link":"https:\/\/pasaenmendoza.com\/?p=15246","title":{"rendered":"El tiempo en Mendoza para este jueves: afloja el calor, pero el finde vuelve"},"content":{"rendered":"\n<p>La temperatura m\u00e1xima para este jueves ser\u00e1 de 27 grados cent\u00edgrados, mientras que la m\u00ednima alcanzar\u00e1 los 13 grados cent\u00edgrados.<\/p>\n\n\n\n<p>El viernes vuelve a subir la temperatura, e ir\u00e1 en ascenso hasta el domingo por los menos, cuando se superen los 30 grados cent\u00edgrados. A la par, tambi\u00e9n va en aumento la m\u00ednima en los pr\u00f3ximos d\u00edas.<\/p>\n\n\n\n<p>Este jueves estar\u00e1 \u201calgo nublado y ventoso con descenso de la temperatura, vientos moderados del sector sur\u201d.<\/p>\n\n\n\n<p>El tiempo en alta monta\u00f1a: \u201cAlgo nublado en cordillera\u201d.<\/p>\n\n\n\n<p><strong>Fuente: www.elsol.com.ar<\/strong><\/p>\n","protected":false},"excerpt":{"rendered":"<p>La temperatura m\u00e1xima para este jueves ser\u00e1 de 27 grados cent\u00edgrados, mientras que la m\u00ednima alcanzar\u00e1 los 13 grados cent\u00edgrados. El viernes vuelve a subir la temperatura, e ir\u00e1 en ascenso hasta el domingo por los menos, cuando se superen los 30 grados cent\u00edgrados. A la par, tambi\u00e9n va en aumento la m\u00ednima en los [&hellip;]<\/p>\n","protected":false},"author":2,"featured_media":15247,"comment_status":"open","ping_status":"open","sticky":false,"template":"","format":"standard","meta":[],"categories":[52],"tags":[],"_links":{"self":[{"href":"https:\/\/pasaenmendoza.com\/index.php?rest_route=\/wp\/v2\/posts\/15246"}],"collection":[{"href":"https:\/\/pasaenmendoza.com\/index.php?rest_route=\/wp\/v2\/posts"}],"about":[{"href":"https:\/\/pasaenmendoza.com\/index.php?rest_route=\/wp\/v2\/types\/post"}],"author":[{"embeddable":true,"href":"https:\/\/pasaenmendoza.com\/index.php?rest_route=\/wp\/v2\/users\/2"}],"replies":[{"embeddable":true,"href":"https:\/\/pasaenmendoza.com\/index.php?rest_route=%2Fwp%2Fv2%2Fcomments&post=15246"}],"version-history":[{"count":1,"href":"https:\/\/pasaenmendoza.com\/index.php?rest_route=\/wp\/v2\/posts\/15246\/revisions"}],"predecessor-version":[{"id":15248,"href":"https:\/\/pasaenmendoza.com\/index.php?rest_route=\/wp\/v2\/posts\/15246\/revisions\/15248"}],"wp:featuredmedia":[{"embeddable":true,"href":"https:\/\/pasaenmendoza.com\/index.php?rest_route=\/wp\/v2\/media\/15247"}],"wp:attachment":[{"href":"https:\/\/pasaenmendoza.com\/index.php?rest_route=%2Fwp%2Fv2%2Fmedia&parent=15246"}],"wp:term":[{"taxonomy":"category","embeddable":true,"href":"https:\/\/pasaenmendoza.com\/index.php?rest_route=%2Fwp%2Fv2%2Fcategories&post=15246"},{"taxonomy":"post_tag","embeddable":true,"href":"https:\/\/pasaenmendoza.com\/index.php?rest_route=%2Fwp%2Fv2%2Ftags&post=15246"}],"curies":[{"name":"wp","href":"https:\/\/api.w.org\/{rel}","templated":true}]}}