{"id":15255,"date":"2025-10-16T16:28:47","date_gmt":"2025-10-16T14:28:47","guid":{"rendered":"https:\/\/pasaenmendoza.com\/?p=15255"},"modified":"2025-10-16T16:28:48","modified_gmt":"2025-10-16T14:28:48","slug":"por-que-el-empleo-informal-sigue-creciendo-en-argentina","status":"publish","type":"post","link":"https:\/\/pasaenmendoza.com\/?p=15255","title":{"rendered":"Por qu\u00e9 el empleo informal sigue creciendo en Argentina"},"content":{"rendered":"\n<p>&nbsp;<strong>Casi la mitad de los trabajadores argentinos tiene un empleo informal<\/strong>, sin aportes jubilatorios, obra social ni estabilidad laboral. Seg\u00fan el&nbsp;<strong>INDEC<\/strong>, la tasa de&nbsp;<strong>informalidad laboral alcanz\u00f3 el 43,2%<\/strong>&nbsp;en el segundo trimestre de 2025.&nbsp;<\/p>\n\n\n\n<p>Los&nbsp;<strong>j\u00f3venes son los m\u00e1s afectados<\/strong>: cerca de seis de cada diez menores de 30 a\u00f1os trabajan fuera del sistema formal, mientras que entre los adultos el porcentaje baja al 36,5%. A esto se suma que dentro del propio empleo registrado crecen las formas m\u00e1s precarias, como el&nbsp;<strong>monotributo o el empleo p\u00fablico transitorio<\/strong>.<\/p>\n\n\n\n<p>Entre 2012 y 2025, el empleo privado creci\u00f3 apenas un\u00a0<strong>3,1%<\/strong>, mientras que los\u00a0<strong>monotributistas aumentaron un 64,8%<\/strong>\u00a0y el\u00a0<strong>empleo estatal un 33,7%<\/strong>, seg\u00fan datos de la Secretar\u00eda de Trabajo. De los\u00a0<strong>2 millones de nuevos puestos formales<\/strong>, m\u00e1s del\u00a0<strong>85% corresponde a empleos estatales o monotributistas<\/strong>, y s\u00f3lo el 9% al sector privado.<\/p>\n\n\n\n<p>La consultora\u00a0<strong>Invecq<\/strong>, dirigida por el economista Esteban Domecq, advierte que esta situaci\u00f3n &#8220;<strong>erosiona la base de ingresos del sistema previsional<\/strong>&#8220;. Seg\u00fan sus estimaciones,\u00a0<strong>los aportes de los trabajadores formales cubren apenas el 70% de los gastos jubilatorios<\/strong>, y se necesitan\u00a0<strong>27 monotributistas para igualar los aportes de un empleado en relaci\u00f3n de dependencia<\/strong>.<\/p>\n\n\n\n<p><strong>Los costos laborales y la falta de crecimiento<\/strong><\/p>\n\n\n\n<p>Entre las causas m\u00e1s se\u00f1aladas del avance del trabajo informal, los especialistas mencionan los\u00a0<strong>altos costos de contrataci\u00f3n<\/strong>. Invecq indica que Argentina presenta\u00a0<strong>los costos laborales m\u00e1s altos de la regi\u00f3n<\/strong>, en torno al 70% del salario total. En la misma l\u00ednea, el\u00a0<strong>Instituto Argentino de An\u00e1lisis Fiscal (IARAF)<\/strong>\u00a0ubic\u00f3 al pa\u00eds entre los diez con mayor carga de contribuciones patronales del mundo.<\/p>\n\n\n\n<p>Sin embargo, no todos los expertos coinciden en que este sea el principal problema. Desde el\u00a0<strong>think tank Fundar<\/strong>\u00a0sostienen que la\u00a0<strong>creaci\u00f3n de empleo registrado depende m\u00e1s del crecimiento econ\u00f3mico sostenido<\/strong>\u00a0que de la reducci\u00f3n impositiva.<\/p>\n\n\n\n<p>&#8220;Una reforma laboral no llevar\u00e1 a un salto en la cantidad de empleo de la econom\u00eda, pero puede contribuir a mejorar su calidad y a la formalizaci\u00f3n de muchas relaciones laborales&#8221;, indica el documento.<\/p>\n\n\n\n<p><strong>El debate por la litigiosidad laboral<\/strong><\/p>\n\n\n\n<p>Otro punto de debate es el impacto de los\u00a0<strong>juicios laborales<\/strong>. Invecq advirti\u00f3 un aumento en la litigiosidad durante el primer cuatrimestre de 2025, y destac\u00f3 que la\u00a0<strong>eliminaci\u00f3n de las multas por despido<\/strong>\u00a0ayud\u00f3 a reducir los incentivos a judicializar los conflictos. Aun as\u00ed, la consultora se\u00f1al\u00f3 que\u00a0<strong>&#8220;persisten zonas grises&#8221;<\/strong>\u00a0en los c\u00e1lculos judiciales, lo que puede derivar en pagos hasta\u00a0<strong>80% superiores<\/strong>\u00a0a los que corresponder\u00edan con un ajuste por inflaci\u00f3n.<\/p>\n\n\n\n<p>Desde otra mirada,&nbsp;<strong>Luis Campos<\/strong>, coordinador del Observatorio del Derecho Social de la&nbsp;<strong>CTA Aut\u00f3noma<\/strong>, asegur\u00f3 en la red X que &#8220;<strong>la cantidad de juicios laborales es \u00ednfima en comparaci\u00f3n con las violaciones a los derechos laborales<\/strong>&#8220;. Seg\u00fan explic\u00f3, muchos conflictos no llegan a la Justicia porque&nbsp;<strong>&#8220;los trabajadores priorizan conservar su empleo&#8221;<\/strong>&nbsp;y&nbsp;<strong>las PyMES operan con baja rentabilidad<\/strong>, lo que las lleva a incumplir ciertas obligaciones legales para sostener su actividad.<\/p>\n\n\n\n<p><strong>La mirada del Gobierno<\/strong><\/p>\n\n\n\n<p>El presidente\u00a0<strong>Javier Milei<\/strong>\u00a0plante\u00f3 que la\u00a0<strong>reforma laboral<\/strong>\u00a0busca &#8220;<strong>darle previsibilidad a las empresas e incentivar la contrataci\u00f3n formal<\/strong>&#8220;. En su discurso, afirm\u00f3 que &#8220;<strong>por demasiado tiempo, la incertidumbre jur\u00eddica respecto al contenido de los contratos de trabajo ha empujado a cientos de miles de trabajadores a la informalidad<\/strong>&#8220;.<\/p>\n\n\n\n<p>El Gobierno ya hab\u00eda intentado modificar la legislaci\u00f3n mediante el\u00a0<strong>Decreto 70\/2023<\/strong>, declarado inconstitucional por la Justicia. M\u00e1s tarde, la\u00a0<strong>Ley Bases<\/strong>\u00a0introdujo algunos cambios, como la ampliaci\u00f3n del per\u00edodo de prueba, la creaci\u00f3n de un\u00a0<strong>fondo de cese laboral<\/strong>\u00a0y la posibilidad de que un\u00a0<strong>trabajador independiente contrate a otros independientes<\/strong>\u00a0sin generar relaci\u00f3n de dependencia.<\/p>\n\n\n\n<p><strong>Fuente: www.mendozapost.com<\/strong><\/p>\n","protected":false},"excerpt":{"rendered":"<p>&nbsp;Casi la mitad de los trabajadores argentinos tiene un empleo informal, sin aportes jubilatorios, obra social ni estabilidad laboral. Seg\u00fan el&nbsp;INDEC, la tasa de&nbsp;informalidad laboral alcanz\u00f3 el 43,2%&nbsp;en el segundo trimestre de 2025.&nbsp; Los&nbsp;j\u00f3venes son los m\u00e1s afectados: cerca de seis de cada diez menores de 30 a\u00f1os trabajan fuera del sistema formal, mientras que [&hellip;]<\/p>\n","protected":false},"author":2,"featured_media":15256,"comment_status":"open","ping_status":"open","sticky":false,"template":"","format":"standard","meta":[],"categories":[75],"tags":[],"_links":{"self":[{"href":"https:\/\/pasaenmendoza.com\/index.php?rest_route=\/wp\/v2\/posts\/15255"}],"collection":[{"href":"https:\/\/pasaenmendoza.com\/index.php?rest_route=\/wp\/v2\/posts"}],"about":[{"href":"https:\/\/pasaenmendoza.com\/index.php?rest_route=\/wp\/v2\/types\/post"}],"author":[{"embeddable":true,"href":"https:\/\/pasaenmendoza.com\/index.php?rest_route=\/wp\/v2\/users\/2"}],"replies":[{"embeddable":true,"href":"https:\/\/pasaenmendoza.com\/index.php?rest_route=%2Fwp%2Fv2%2Fcomments&post=15255"}],"version-history":[{"count":1,"href":"https:\/\/pasaenmendoza.com\/index.php?rest_route=\/wp\/v2\/posts\/15255\/revisions"}],"predecessor-version":[{"id":15257,"href":"https:\/\/pasaenmendoza.com\/index.php?rest_route=\/wp\/v2\/posts\/15255\/revisions\/15257"}],"wp:featuredmedia":[{"embeddable":true,"href":"https:\/\/pasaenmendoza.com\/index.php?rest_route=\/wp\/v2\/media\/15256"}],"wp:attachment":[{"href":"https:\/\/pasaenmendoza.com\/index.php?rest_route=%2Fwp%2Fv2%2Fmedia&parent=15255"}],"wp:term":[{"taxonomy":"category","embeddable":true,"href":"https:\/\/pasaenmendoza.com\/index.php?rest_route=%2Fwp%2Fv2%2Fcategories&post=15255"},{"taxonomy":"post_tag","embeddable":true,"href":"https:\/\/pasaenmendoza.com\/index.php?rest_route=%2Fwp%2Fv2%2Ftags&post=15255"}],"curies":[{"name":"wp","href":"https:\/\/api.w.org\/{rel}","templated":true}]}}