{"id":1526,"date":"2023-09-18T14:59:41","date_gmt":"2023-09-18T12:59:41","guid":{"rendered":"https:\/\/pasaenmendoza.com\/?p=1526"},"modified":"2023-09-18T14:59:43","modified_gmt":"2023-09-18T12:59:43","slug":"salud-privada-la-nueva-propuesta-de-los-medicos-para-restablecer-la-relacion-con-las-obras-sociales","status":"publish","type":"post","link":"https:\/\/pasaenmendoza.com\/?p=1526","title":{"rendered":"Salud privada: la nueva propuesta de los m\u00e9dicos para restablecer la relaci\u00f3n con las obras sociales"},"content":{"rendered":"\n<p>En respuesta a las constantes dificultades relacionadas con los bajos pagos y los retrasos por parte de las\u00a0<strong>obras sociales<\/strong>\u00a0y\u00a0<strong>empresas de medicina prepaga<\/strong>, los\u00a0<strong>m\u00e9dicos de Mendoza<\/strong>\u00a0tomaron la decisi\u00f3n de cobrar por sus servicios de manera particular a partir de septiembre. La medida afect\u00f3 a los pacientes y muchos decidieron dar de baja la consulta porque no pod\u00edan abonar los $6.000 que exig\u00edan los profesionales de la salud. Ahora,\u00a0<strong>el colectivo de Centros M\u00e9dicos \/ Cl\u00ednicas<\/strong>\u00a0present\u00f3 una nueva propuesta con la intenci\u00f3n de restablecer la relaci\u00f3n con las obras sociales y las prepagas.<\/p>\n\n\n\n<p>Seg\u00fan el comunicado, que difundi\u00f3 el&nbsp;<strong>C\u00edrculo M\u00e9dico<\/strong>, a partir del 18 de septiembre se aplicar\u00e1n las siguientes disposiciones:<\/p>\n\n\n\n<ul>\n<li>Aquellas obras sociales que no alcanzan un valor m\u00ednimo de $4.000 por consulta ser\u00e1n tratadas como pacientes particulares, ajust\u00e1ndose a las tarifas establecidas por cada centro m\u00e9dico.<\/li>\n\n\n\n<li>Las obras sociales o prepagas que alcancen o superen los $4.000, pero no excedan los $6.000 deber\u00e1n abonar un coseguro de $1.000 durante el mes de septiembre. Esta importaci\u00f3n ser\u00e1 facturada por el centro m\u00e9dico correspondiente y se actualizar\u00e1 a partir del 1 de octubre.<\/li>\n\n\n\n<li>Las obras sociales que se desembolsen $6.000 o m\u00e1s continuar\u00e1n recibiendo atenci\u00f3n m\u00e9dica en las condiciones habituales.<\/li>\n<\/ul>\n\n\n\n<p>Adem\u00e1s de estas medidas, confiaron que se realizar\u00e1n conversaciones con las empresas de medicina prepaga y las obras sociales con el prop\u00f3sito de establecer plazos de pago m\u00e1s favorables.<\/p>\n\n\n\n<p>El colectivo de Centros M\u00e9dicos \/ Cl\u00ednicas propuso la liquidaci\u00f3n de honorarios cada 15 d\u00edas o la opci\u00f3n de que el pago por las consultas se ejecute de manera independiente a otras pr\u00e1cticas m\u00e9dicas, \u201cen un esfuerzo por agilizar y simplificar los procesos de facturaci\u00f3n\u201d.<\/p>\n\n\n\n<p><strong>Fuente: www.elsol.com.ar<\/strong><\/p>\n","protected":false},"excerpt":{"rendered":"<p>En respuesta a las constantes dificultades relacionadas con los bajos pagos y los retrasos por parte de las\u00a0obras sociales\u00a0y\u00a0empresas de medicina prepaga, los\u00a0m\u00e9dicos de Mendoza\u00a0tomaron la decisi\u00f3n de cobrar por sus servicios de manera particular a partir de septiembre. La medida afect\u00f3 a los pacientes y muchos decidieron dar de baja la consulta porque no [&hellip;]<\/p>\n","protected":false},"author":2,"featured_media":1527,"comment_status":"open","ping_status":"open","sticky":false,"template":"","format":"standard","meta":[],"categories":[58],"tags":[],"_links":{"self":[{"href":"https:\/\/pasaenmendoza.com\/index.php?rest_route=\/wp\/v2\/posts\/1526"}],"collection":[{"href":"https:\/\/pasaenmendoza.com\/index.php?rest_route=\/wp\/v2\/posts"}],"about":[{"href":"https:\/\/pasaenmendoza.com\/index.php?rest_route=\/wp\/v2\/types\/post"}],"author":[{"embeddable":true,"href":"https:\/\/pasaenmendoza.com\/index.php?rest_route=\/wp\/v2\/users\/2"}],"replies":[{"embeddable":true,"href":"https:\/\/pasaenmendoza.com\/index.php?rest_route=%2Fwp%2Fv2%2Fcomments&post=1526"}],"version-history":[{"count":1,"href":"https:\/\/pasaenmendoza.com\/index.php?rest_route=\/wp\/v2\/posts\/1526\/revisions"}],"predecessor-version":[{"id":1528,"href":"https:\/\/pasaenmendoza.com\/index.php?rest_route=\/wp\/v2\/posts\/1526\/revisions\/1528"}],"wp:featuredmedia":[{"embeddable":true,"href":"https:\/\/pasaenmendoza.com\/index.php?rest_route=\/wp\/v2\/media\/1527"}],"wp:attachment":[{"href":"https:\/\/pasaenmendoza.com\/index.php?rest_route=%2Fwp%2Fv2%2Fmedia&parent=1526"}],"wp:term":[{"taxonomy":"category","embeddable":true,"href":"https:\/\/pasaenmendoza.com\/index.php?rest_route=%2Fwp%2Fv2%2Fcategories&post=1526"},{"taxonomy":"post_tag","embeddable":true,"href":"https:\/\/pasaenmendoza.com\/index.php?rest_route=%2Fwp%2Fv2%2Ftags&post=1526"}],"curies":[{"name":"wp","href":"https:\/\/api.w.org\/{rel}","templated":true}]}}