{"id":15262,"date":"2025-10-16T19:52:51","date_gmt":"2025-10-16T17:52:51","guid":{"rendered":"https:\/\/pasaenmendoza.com\/?p=15262"},"modified":"2025-10-16T19:52:52","modified_gmt":"2025-10-16T17:52:52","slug":"alfredo-cornejo-promulgo-la-ley-que-obliga-a-los-jueces-penales-a-trabajar-por-la-tarde","status":"publish","type":"post","link":"https:\/\/pasaenmendoza.com\/?p=15262","title":{"rendered":"Alfredo Cornejo promulg\u00f3 la ley que obliga a los jueces penales a trabajar por la tarde"},"content":{"rendered":"\n<p>El gobernador\u00a0<strong>Alfredo Cornejo<\/strong>\u00a0promulg\u00f3 este jueves ley que obliga a los\u00a0<strong>jueces\u00a0<\/strong>penales a trabajar en las tardes para concretar una mayor cantidad de audiencias y acelerar los tiempos de la\u00a0<strong>Justicia<\/strong>.<\/p>\n\n\n\n<p>Cornejo\u00a0envi\u00f3 hace algunos meses la iniciativa a la\u00a0<strong>Legislatura<\/strong>, con el objetivo de sumar m\u00e1s horas para la resoluci\u00f3n de causas e hizo reformas en el sistema organizativo. La estad\u00edstica mostraba que el 85% de las causas se resolv\u00edan solo en la ma\u00f1ana.<\/p>\n\n\n\n<p>De esta manera, desde este jueves se public\u00f3 en el&nbsp;<strong>Bolet\u00edn Oficial<\/strong>&nbsp;la Ley N\u00b0 9.666, el que actualiza el&nbsp;<strong>C\u00f3digo Procesal Penal<\/strong>&nbsp;(Ley N\u00b0 6.730), junto con disposiciones complementarias en las Leyes N\u00b0 8.008 (Ministerio P\u00fablico Fiscal) y N\u00b0 9.040 (Fuero Penal Colegiado), que trae adem\u00e1s otros cambios en la&nbsp;<strong>Justicia<\/strong>.<\/p>\n\n\n\n<h2 class=\"wp-block-heading\">Las principales modificaciones a la justicia penal<\/h2>\n\n\n\n<ul>\n<li><strong>Tribunal Penal Colegiado:<\/strong>&nbsp;podr\u00e1 actuar de forma unipersonal o colegiada (3 jueces) seg\u00fan la complejidad del caso o solicitud de las partes.<\/li>\n\n\n\n<li><strong>Audiencias orales:<\/strong>&nbsp;deber\u00e1n realizarse en plazos breves, registrarse digitalmente y publicarse en la web del Poder Judicial. Se sancionar\u00e1 a funcionarios o jueces que provoquen demoras injustificadas.<\/li>\n\n\n\n<li><strong>Transparencia:<\/strong>&nbsp;obligaci\u00f3n de publicar resoluciones, sentencias y agendas de audiencias con datos de los magistrados y causas.<\/li>\n\n\n\n<li><strong>OGAP (Oficina de Gesti\u00f3n Administrativa Penal):<\/strong>\u00a0se consolida como \u00f3rgano de apoyo administrativo para organizar audiencias, distribuir causas, coordinar salas y garantizar eficiencia y trazabilidad en el sistema.<\/li>\n\n\n\n<li><strong>Ministerio P\u00fablico Fiscal:<\/strong>&nbsp;se ampl\u00edan las funciones del Fiscal Jefe y de los Ayudantes Fiscales, que podr\u00e1n intervenir en audiencias, c\u00e1maras Gesell y procedimientos de flagrancia.<\/li>\n\n\n\n<li><strong>Uso de tecnolog\u00eda:<\/strong>&nbsp;se promueve la digitalizaci\u00f3n integral, videoconferencias y notificaciones electr\u00f3nicas.<\/li>\n<\/ul>\n\n\n\n<h2 class=\"wp-block-heading\">Repercusiones sobre la realizaci\u00f3n de audiencias penales en la tarde<\/h2>\n\n\n\n<p>Fuentes del&nbsp;<strong>Poder Judicial<\/strong>&nbsp;aguardan que se conozcan detalles de la reglamentaci\u00f3n de la ley y cu\u00e1les son los recursos que se destinar\u00e1n. Sobre todo, la duda apunta al personal administrativo existente para trabajar doble turno.<\/p>\n\n\n\n<p>Adem\u00e1s de los&nbsp;<strong>jueces penales,<\/strong>&nbsp;los defensores oficiales y los fiscales quedar\u00e1n sometidos a la nueva realidad que implica la modificaci\u00f3n del marco legal.<\/p>\n\n\n\n<p>La promulgaci\u00f3n de la Ley se da a pocos d\u00edas de la presentaci\u00f3n de su presupuesto por parte del\u00a0<strong>Poder Judicial<\/strong>.<\/p>\n\n\n\n<p><strong>Fuente: www.diariouno.com.ar<\/strong><\/p>\n","protected":false},"excerpt":{"rendered":"<p>El gobernador\u00a0Alfredo Cornejo\u00a0promulg\u00f3 este jueves ley que obliga a los\u00a0jueces\u00a0penales a trabajar en las tardes para concretar una mayor cantidad de audiencias y acelerar los tiempos de la\u00a0Justicia. Cornejo\u00a0envi\u00f3 hace algunos meses la iniciativa a la\u00a0Legislatura, con el objetivo de sumar m\u00e1s horas para la resoluci\u00f3n de causas e hizo reformas en el sistema organizativo. [&hellip;]<\/p>\n","protected":false},"author":2,"featured_media":15263,"comment_status":"open","ping_status":"open","sticky":false,"template":"","format":"standard","meta":[],"categories":[47],"tags":[],"_links":{"self":[{"href":"https:\/\/pasaenmendoza.com\/index.php?rest_route=\/wp\/v2\/posts\/15262"}],"collection":[{"href":"https:\/\/pasaenmendoza.com\/index.php?rest_route=\/wp\/v2\/posts"}],"about":[{"href":"https:\/\/pasaenmendoza.com\/index.php?rest_route=\/wp\/v2\/types\/post"}],"author":[{"embeddable":true,"href":"https:\/\/pasaenmendoza.com\/index.php?rest_route=\/wp\/v2\/users\/2"}],"replies":[{"embeddable":true,"href":"https:\/\/pasaenmendoza.com\/index.php?rest_route=%2Fwp%2Fv2%2Fcomments&post=15262"}],"version-history":[{"count":1,"href":"https:\/\/pasaenmendoza.com\/index.php?rest_route=\/wp\/v2\/posts\/15262\/revisions"}],"predecessor-version":[{"id":15264,"href":"https:\/\/pasaenmendoza.com\/index.php?rest_route=\/wp\/v2\/posts\/15262\/revisions\/15264"}],"wp:featuredmedia":[{"embeddable":true,"href":"https:\/\/pasaenmendoza.com\/index.php?rest_route=\/wp\/v2\/media\/15263"}],"wp:attachment":[{"href":"https:\/\/pasaenmendoza.com\/index.php?rest_route=%2Fwp%2Fv2%2Fmedia&parent=15262"}],"wp:term":[{"taxonomy":"category","embeddable":true,"href":"https:\/\/pasaenmendoza.com\/index.php?rest_route=%2Fwp%2Fv2%2Fcategories&post=15262"},{"taxonomy":"post_tag","embeddable":true,"href":"https:\/\/pasaenmendoza.com\/index.php?rest_route=%2Fwp%2Fv2%2Ftags&post=15262"}],"curies":[{"name":"wp","href":"https:\/\/api.w.org\/{rel}","templated":true}]}}