{"id":15265,"date":"2025-10-16T19:58:50","date_gmt":"2025-10-16T17:58:50","guid":{"rendered":"https:\/\/pasaenmendoza.com\/?p=15265"},"modified":"2025-10-16T19:58:50","modified_gmt":"2025-10-16T17:58:50","slug":"avanza-el-proyecto-que-responsabiliza-a-los-padres-por-casos-de-bullying-escolar","status":"publish","type":"post","link":"https:\/\/pasaenmendoza.com\/?p=15265","title":{"rendered":"Avanza el proyecto que responsabiliza a los padres por casos de bullying escolar"},"content":{"rendered":"\n<p>El\u00a0<strong>Senado de Mendoza<\/strong>\u00a0dio un paso clave en el tratamiento del proyecto presentado por la\u00a0<strong>Direcci\u00f3n General de Escuelas (DGE)<\/strong>\u00a0que busca\u00a0<strong>incorporar la responsabilidad de padres, madres\u00a0y tutores en los casos de bullying<\/strong>\u00a0cometidos por menores de edad.<\/p>\n\n\n\n<p>Las\u00a0<strong>Comisiones de Econom\u00eda, Ciencia y T\u00e9cnica y de Legislaci\u00f3n y Asuntos Constitucionales<\/strong>\u00a0emitieron\u00a0<strong>despacho favorable<\/strong>\u00a0a la propuesta, que combina\u00a0<strong>sanciones, mediaci\u00f3n y estrategias educativas<\/strong>\u00a0para prevenir y abordar el acoso escolar dentro de las\u00a0instituciones.<\/p>\n\n\n\n<p>La iniciativa, impulsada por el ministro de Educaci\u00f3n\u00a0<strong>Tadeo Garc\u00eda Zalazar<\/strong>, contempla tanto la\u00a0<strong>modificaci\u00f3n del C\u00f3digo de Contravenciones<\/strong>\u00a0como la implementaci\u00f3n de un\u00a0<strong>nuevo Protocolo de Actuaci\u00f3n ante situaciones de acoso escolar<\/strong>.<\/p>\n\n\n\n<h3 class=\"wp-block-heading\"><strong>Responsabilidad compartida<\/strong><\/h3>\n\n\n\n<p>El proyecto establece que los&nbsp;<strong>adultos responsables<\/strong>&nbsp;podr\u00e1n recibir&nbsp;<strong>multas econ\u00f3micas o tareas comunitarias<\/strong>&nbsp;si no acompa\u00f1an a sus hijos en la correcci\u00f3n de conductas violentas.<br>Tambi\u00e9n prev\u00e9&nbsp;<strong>talleres de parentalidad<\/strong>&nbsp;y&nbsp;<strong>espacios de mediaci\u00f3n<\/strong>, concebidos como herramientas para promover la&nbsp;<strong>convivencia, el respeto y la empat\u00eda<\/strong>.<\/p>\n\n\n\n<p>El enfoque es\u00a0<strong>educativo y reparador<\/strong>: busca involucrar activamente a las familias en la prevenci\u00f3n del acoso y en la formaci\u00f3n de una\u00a0cultura escolar m\u00e1s sana.<\/p>\n\n\n\n<h3 class=\"wp-block-heading\"><strong>El rol central de la escuela<\/strong><\/h3>\n\n\n\n<p>La propuesta reconoce a las&nbsp;<strong>escuelas<\/strong>&nbsp;como&nbsp;<strong>primer \u00e1mbito de detecci\u00f3n y prevenci\u00f3n<\/strong>. Por eso, el nuevo&nbsp;<strong>Protocolo de Actuaci\u00f3n<\/strong>&nbsp;ofrece lineamientos claros para docentes y directivos: identificaci\u00f3n de casos, registro, comunicaci\u00f3n con las familias, intervenci\u00f3n inmediata y seguimiento posterior.<\/p>\n\n\n\n<p>El documento tambi\u00e9n define&nbsp;<strong>niveles de gravedad<\/strong>,&nbsp;<strong>circuitos de derivaci\u00f3n<\/strong>&nbsp;a equipos t\u00e9cnicos y coordinaci\u00f3n con la&nbsp;<strong>Justicia o los organismos de protecci\u00f3n de derechos<\/strong>, seg\u00fan corresponda.<\/p>\n\n\n\n<h3 class=\"wp-block-heading\"><strong>Una respuesta integral<\/strong><\/h3>\n\n\n\n<p>El objetivo del proyecto es ofrecer&nbsp;<strong>una pol\u00edtica p\u00fablica unificada<\/strong>&nbsp;frente al bullying y al ciberbullying, fen\u00f3menos que afectan cada vez m\u00e1s a ni\u00f1os, ni\u00f1as y adolescentes.<\/p>\n\n\n\n<p>El texto, que ahora ser\u00e1 debatido en el recinto del Senado provincial, busca&nbsp;<strong>proteger a las v\u00edctimas, reeducar a los agresores y comprometer a las familias<\/strong>, entendiendo que la violencia escolar no puede abordarse solo desde la sanci\u00f3n, sino tambi\u00e9n desde la&nbsp;<strong>prevenci\u00f3n y la reparaci\u00f3n<\/strong>.<\/p>\n\n\n\n<h3 class=\"wp-block-heading\"><strong>Pr\u00f3ximos pasos<\/strong><\/h3>\n\n\n\n<p>Con el despacho favorable de las comisiones, el proyecto ser\u00e1 tratado pr\u00f3ximamente en sesi\u00f3n. De aprobarse, Mendoza contar\u00e1 con\u00a0<strong>una normativa pionera<\/strong>\u00a0que combina\u00a0<strong>ley, protocolo y compromiso familiar<\/strong>, reforzando el trabajo conjunto entre escuela, Estado y comunidad para erradicar el bullying.<\/p>\n\n\n\n<p><strong>Fuente: www.diariomendoza.com.ar<\/strong><\/p>\n","protected":false},"excerpt":{"rendered":"<p>El\u00a0Senado de Mendoza\u00a0dio un paso clave en el tratamiento del proyecto presentado por la\u00a0Direcci\u00f3n General de Escuelas (DGE)\u00a0que busca\u00a0incorporar la responsabilidad de padres, madres\u00a0y tutores en los casos de bullying\u00a0cometidos por menores de edad. Las\u00a0Comisiones de Econom\u00eda, Ciencia y T\u00e9cnica y de Legislaci\u00f3n y Asuntos Constitucionales\u00a0emitieron\u00a0despacho favorable\u00a0a la propuesta, que combina\u00a0sanciones, mediaci\u00f3n y estrategias educativas\u00a0para [&hellip;]<\/p>\n","protected":false},"author":2,"featured_media":15266,"comment_status":"open","ping_status":"open","sticky":false,"template":"","format":"standard","meta":[],"categories":[50],"tags":[],"_links":{"self":[{"href":"https:\/\/pasaenmendoza.com\/index.php?rest_route=\/wp\/v2\/posts\/15265"}],"collection":[{"href":"https:\/\/pasaenmendoza.com\/index.php?rest_route=\/wp\/v2\/posts"}],"about":[{"href":"https:\/\/pasaenmendoza.com\/index.php?rest_route=\/wp\/v2\/types\/post"}],"author":[{"embeddable":true,"href":"https:\/\/pasaenmendoza.com\/index.php?rest_route=\/wp\/v2\/users\/2"}],"replies":[{"embeddable":true,"href":"https:\/\/pasaenmendoza.com\/index.php?rest_route=%2Fwp%2Fv2%2Fcomments&post=15265"}],"version-history":[{"count":1,"href":"https:\/\/pasaenmendoza.com\/index.php?rest_route=\/wp\/v2\/posts\/15265\/revisions"}],"predecessor-version":[{"id":15267,"href":"https:\/\/pasaenmendoza.com\/index.php?rest_route=\/wp\/v2\/posts\/15265\/revisions\/15267"}],"wp:featuredmedia":[{"embeddable":true,"href":"https:\/\/pasaenmendoza.com\/index.php?rest_route=\/wp\/v2\/media\/15266"}],"wp:attachment":[{"href":"https:\/\/pasaenmendoza.com\/index.php?rest_route=%2Fwp%2Fv2%2Fmedia&parent=15265"}],"wp:term":[{"taxonomy":"category","embeddable":true,"href":"https:\/\/pasaenmendoza.com\/index.php?rest_route=%2Fwp%2Fv2%2Fcategories&post=15265"},{"taxonomy":"post_tag","embeddable":true,"href":"https:\/\/pasaenmendoza.com\/index.php?rest_route=%2Fwp%2Fv2%2Ftags&post=15265"}],"curies":[{"name":"wp","href":"https:\/\/api.w.org\/{rel}","templated":true}]}}