{"id":15277,"date":"2025-10-17T16:29:17","date_gmt":"2025-10-17T14:29:17","guid":{"rendered":"https:\/\/pasaenmendoza.com\/?p=15277"},"modified":"2025-10-17T16:29:18","modified_gmt":"2025-10-17T14:29:18","slug":"a-9-dias-de-votar-por-que-el-pj-local-celebra-la-lealtad-a-peron-en-maipu","status":"publish","type":"post","link":"https:\/\/pasaenmendoza.com\/?p=15277","title":{"rendered":"A 9 d\u00edas de votar, por qu\u00e9 el PJ local celebra la lealtad a Per\u00f3n en Maip\u00fa"},"content":{"rendered":"\n<p><em>El dato que sobresale de la agenda pol\u00edtica local de hoy, viernes 17, es\u00a0<strong>el recordatorio del peronismo de Mendoza a Juan Per\u00f3n en el D\u00eda de Lealtad.<\/strong>\u00a0Ser\u00e1 esta tarde, a las 19:00, en el Centro Social y Recreativo de Rodeo del Medio en Maip\u00fa, el departamento que desde 1983 siempre ha sido gobernado por el PJ.<\/em><\/p>\n\n\n\n<p>Hoy, es conocido, que el territorio maipucino es administrado por\u00a0<strong>Mat\u00edas Stevanato\u00a0<\/strong>quien es tambi\u00e9n candidato a diputado nacional en tercer lugar. Dicho sea de paso, la lista de aspirantes peronistas al Congreso la encabeza el sanrafaelino\u00a0<strong>Emir F\u00e9lix,<\/strong>\u00a0titular del PJ de Mendoza, seguido por la kirchnerista\u00a0<strong>Marisa Uceda<\/strong>. Por territorialidad y por el predominio peronista, se entiende que sea Maip\u00fa el lugar elegido por la dirigencia que actualmente conduce al peronismo local.<\/p>\n\n\n\n<p>Es decir, Stevanato es el \u00fanico intendente peronista en el Gran Mendoza, eso lo valida desde el punto de vista partidario para que su departamento sea el centro de la celebraci\u00f3n hist\u00f3rica, pero hay un trazo electoral a 9 d\u00edas de la votaci\u00f3n que se proyecta polarizada en el pa\u00eds y en la provincia y que define que el distrito de Rodeo del Medio (RDM) sea el espacio espec\u00edfico del acto principal del PJ. Veamos.<\/p>\n\n\n\n<p>Ya el PJ de Maip\u00fa hab\u00eda establecido que el acto del 17 de octubre fuera en RDM. Hay una inclinaci\u00f3n,\u00a0<strong>una intenci\u00f3n de la administraci\u00f3n municipal, de llegar con servicios estructurales a los distritos hacia el este del departamento<\/strong>. Por eso el intendente realiza acciones y las visibiliza entre las vecindades para hacer sentir a la poblaci\u00f3n rodomedina en este caso integrada al departamento. Lo mismo ocurre con las familias vecinas de Fray Luis Beltr\u00e1n y San Roque.<\/p>\n\n\n\n<p><strong>Mirando el Este &#8220;radical&#8221;<\/strong><\/p>\n\n\n\n<p>Con este escenario es que el peronismo consolid\u00f3 este acto en ese lugar en el extremo este maipucino pero pensando estrat\u00e9gicamente en la elecci\u00f3n legislativa. Pensando en el Segundo Distrito Electoral que Maip\u00fa integra con los dem\u00e1s departamentos del Este provincial donde tambi\u00e9n\u00a0 el peronismo llega con\u00a0<strong>el pace\u00f1o Fernando Ubieta y la santarrosina Flor Destefanis<\/strong>. Pero lo cierto es que la regi\u00f3n est\u00e1 marcada por la preeminencia radical, reconociendo a los influyentes, Mario<strong>\u00a0Abed de Jun\u00edn y Ra\u00fal Rufeil de San Mart\u00edn<\/strong>. Adem\u00e1s, desde el mangrullo peronista\u00a0<strong>observan al intendente rivadaviense\u00a0Ricardo Mansur\u00a0como un filo radical. A<\/strong>unque Manzur haya llegado a la intendencia a trav\u00e9s de su partido municipal, Sembrar que integra espacio dentro del frente electoral Defendamos Mendoza.<\/p>\n\n\n\n<p>Por este mapa pol\u00edtico electoral es que el peronismo, el oficialismo partidario, concentrar\u00e1 toda su atenci\u00f3n en Rodeo del Medio pensando en pulsearle al radicalismo el electorado con sus candidatos al Congreso, pero poniendo \u00e9nfasis tambi\u00e9n en la provincia, mostrando sus candidatos para el Senado y la C\u00e1mara de Diputados de Mendoza del Segundo Distrito.<\/p>\n\n\n\n<p>Hay otros actos peronistas que se diferencian del mayoritario de Maip\u00fa. Tambi\u00e9n hoy a las 20:00 en la sede c\u00e9ntrica del Sute, el sector gremial de la CTA har\u00e1 su propia manifestaci\u00f3n de lealtad partidaria encabezada por el reciente elegido secretario general del gremio docente, Gustavo Correa. Ser\u00e1 con tono de reclamo y disidencia por no sentirse representados en el frente&nbsp;<strong>Fuerza Justicialista&nbsp;<\/strong>por la conducci\u00f3n partidaria.<\/p>\n\n\n\n<p>Mientras tanto, ma\u00f1ana s\u00e1bado 18, a las 13:00, el canal peronista de streaming\u00a0<em>El B\u00fanker<\/em>\u00a0convoca a una leal pe\u00f1a peronista en el Club Pedro Molina de Guaymall\u00e9n.<\/p>\n\n\n\n<p><strong>Cuando el General era el Coronel Per\u00f3n<\/strong><\/p>\n\n\n\n<p>La celebraci\u00f3n partidaria es en recordatorio de los 80 a\u00f1os de aquella pueblada producida por masas obreras, por los miles de &#8220;cabecitas negras&#8221; que inundaron las calles de la &#8220;francesa&#8221; Ciudad de Buenos Aires para liberar a su l\u00edder que luego creara el movimiento nacional peronista y que lo pusiera a Per\u00f3n tres veces como presidente en la Casa Rosada. Aqu\u00ed una rese\u00f1a del historiador Osvaldo Gallardo que hizo para Unidiversidad.<\/p>\n\n\n\n<p><strong>Fuente: www.mendozapost.com<\/strong><\/p>\n","protected":false},"excerpt":{"rendered":"<p>El dato que sobresale de la agenda pol\u00edtica local de hoy, viernes 17, es\u00a0el recordatorio del peronismo de Mendoza a Juan Per\u00f3n en el D\u00eda de Lealtad.\u00a0Ser\u00e1 esta tarde, a las 19:00, en el Centro Social y Recreativo de Rodeo del Medio en Maip\u00fa, el departamento que desde 1983 siempre ha sido gobernado por el [&hellip;]<\/p>\n","protected":false},"author":2,"featured_media":15278,"comment_status":"open","ping_status":"open","sticky":false,"template":"","format":"standard","meta":[],"categories":[47],"tags":[],"_links":{"self":[{"href":"https:\/\/pasaenmendoza.com\/index.php?rest_route=\/wp\/v2\/posts\/15277"}],"collection":[{"href":"https:\/\/pasaenmendoza.com\/index.php?rest_route=\/wp\/v2\/posts"}],"about":[{"href":"https:\/\/pasaenmendoza.com\/index.php?rest_route=\/wp\/v2\/types\/post"}],"author":[{"embeddable":true,"href":"https:\/\/pasaenmendoza.com\/index.php?rest_route=\/wp\/v2\/users\/2"}],"replies":[{"embeddable":true,"href":"https:\/\/pasaenmendoza.com\/index.php?rest_route=%2Fwp%2Fv2%2Fcomments&post=15277"}],"version-history":[{"count":1,"href":"https:\/\/pasaenmendoza.com\/index.php?rest_route=\/wp\/v2\/posts\/15277\/revisions"}],"predecessor-version":[{"id":15279,"href":"https:\/\/pasaenmendoza.com\/index.php?rest_route=\/wp\/v2\/posts\/15277\/revisions\/15279"}],"wp:featuredmedia":[{"embeddable":true,"href":"https:\/\/pasaenmendoza.com\/index.php?rest_route=\/wp\/v2\/media\/15278"}],"wp:attachment":[{"href":"https:\/\/pasaenmendoza.com\/index.php?rest_route=%2Fwp%2Fv2%2Fmedia&parent=15277"}],"wp:term":[{"taxonomy":"category","embeddable":true,"href":"https:\/\/pasaenmendoza.com\/index.php?rest_route=%2Fwp%2Fv2%2Fcategories&post=15277"},{"taxonomy":"post_tag","embeddable":true,"href":"https:\/\/pasaenmendoza.com\/index.php?rest_route=%2Fwp%2Fv2%2Ftags&post=15277"}],"curies":[{"name":"wp","href":"https:\/\/api.w.org\/{rel}","templated":true}]}}