{"id":15280,"date":"2025-10-17T16:34:32","date_gmt":"2025-10-17T14:34:32","guid":{"rendered":"https:\/\/pasaenmendoza.com\/?p=15280"},"modified":"2025-10-17T16:34:33","modified_gmt":"2025-10-17T14:34:33","slug":"cuando-finalizan-las-clases-en-mendoza","status":"publish","type":"post","link":"https:\/\/pasaenmendoza.com\/?p=15280","title":{"rendered":"Cu\u00e1ndo finalizan las clases en Mendoza"},"content":{"rendered":"\n<p>El cronograma escolar 2025 se encuentra en la recta final con el comienzo del tercer trimestre del a\u00f1o. Desde la Direcci\u00f3n General de Escuelas (DGE)&nbsp;<strong>confirmaron las fechas de cierre del ciclo lectivo y el inicio de las vacaciones de verano.<\/strong><\/p>\n\n\n\n<p>El&nbsp;<strong>Gobierno de Mendoza<\/strong>&nbsp;confirm\u00f3 que el ciclo lectivo 2025 finalizar\u00e1 el&nbsp;<strong>5 de diciembre<\/strong>&nbsp;para los niveles&nbsp;<strong>Inicial, Primario y Secundario<\/strong>, seg\u00fan el calendario aprobado por la&nbsp;<strong>Direcci\u00f3n General de Escuelas (DGE)<\/strong>.<\/p>\n\n\n\n<p>De esta manera, los estudiantes que hayan cumplido con la totalidad de los contenidos cerrar\u00e1n el a\u00f1o durante la primera semana de diciembre, mientras que aquellos que necesiten rendir materias pendientes tendr\u00e1n un\u00a0<strong>per\u00edodo complementario del 9 al 19 de diciembre<\/strong>, inclusive.<\/p>\n\n\n\n<p>El cronograma escolar prev\u00e9 que los docentes contin\u00faen con\u00a0<strong>tareas administrativas y evaluativas<\/strong>\u00a0hasta el\u00a0<strong>19 de diciembre<\/strong>, fecha en la que tambi\u00e9n concluir\u00e1n las actividades del personal directivo y de apoyo.<\/p>\n\n\n\n<p>Desde la DGE recordaron que el objetivo es\u00a0<strong>garantizar los 190 d\u00edas de clases efectivos<\/strong>\u00a0y mantener la continuidad pedag\u00f3gica, con especial atenci\u00f3n en la\u00a0<strong>recuperaci\u00f3n de aprendizajes y asistencia plena<\/strong>.<\/p>\n\n\n\n<h2 class=\"wp-block-heading\" id=\"h-fechas-claves\">Fechas claves<\/h2>\n\n\n\n<ul>\n<li>5 de diciembre: fin de clases para niveles Inicial, Primario y Secundario (con todo aprobado)<\/li>\n\n\n\n<li>9 al 19 de diciembre: per\u00edodo complementario para estudiantes que deban materias<\/li>\n\n\n\n<li>22 de diciembre: segundas jornadas institucionales para docentes de todos los niveles y modalidades. Fecha de finalizaci\u00f3n de las actividades docentes<\/li>\n\n\n\n<li>23 de diciembre: finalizan las actividades de directores y supervisores<\/li>\n\n\n\n<li>26 de diciembre: terminan las actividades acad\u00e9micas en el Nivel Superior<\/li>\n<\/ul>\n\n\n\n<p><strong>Fuente: www.elsol.com.ar<\/strong><\/p>\n","protected":false},"excerpt":{"rendered":"<p>El cronograma escolar 2025 se encuentra en la recta final con el comienzo del tercer trimestre del a\u00f1o. Desde la Direcci\u00f3n General de Escuelas (DGE)&nbsp;confirmaron las fechas de cierre del ciclo lectivo y el inicio de las vacaciones de verano. El&nbsp;Gobierno de Mendoza&nbsp;confirm\u00f3 que el ciclo lectivo 2025 finalizar\u00e1 el&nbsp;5 de diciembre&nbsp;para los niveles&nbsp;Inicial, Primario [&hellip;]<\/p>\n","protected":false},"author":2,"featured_media":15281,"comment_status":"open","ping_status":"open","sticky":false,"template":"","format":"standard","meta":[],"categories":[121],"tags":[],"_links":{"self":[{"href":"https:\/\/pasaenmendoza.com\/index.php?rest_route=\/wp\/v2\/posts\/15280"}],"collection":[{"href":"https:\/\/pasaenmendoza.com\/index.php?rest_route=\/wp\/v2\/posts"}],"about":[{"href":"https:\/\/pasaenmendoza.com\/index.php?rest_route=\/wp\/v2\/types\/post"}],"author":[{"embeddable":true,"href":"https:\/\/pasaenmendoza.com\/index.php?rest_route=\/wp\/v2\/users\/2"}],"replies":[{"embeddable":true,"href":"https:\/\/pasaenmendoza.com\/index.php?rest_route=%2Fwp%2Fv2%2Fcomments&post=15280"}],"version-history":[{"count":1,"href":"https:\/\/pasaenmendoza.com\/index.php?rest_route=\/wp\/v2\/posts\/15280\/revisions"}],"predecessor-version":[{"id":15282,"href":"https:\/\/pasaenmendoza.com\/index.php?rest_route=\/wp\/v2\/posts\/15280\/revisions\/15282"}],"wp:featuredmedia":[{"embeddable":true,"href":"https:\/\/pasaenmendoza.com\/index.php?rest_route=\/wp\/v2\/media\/15281"}],"wp:attachment":[{"href":"https:\/\/pasaenmendoza.com\/index.php?rest_route=%2Fwp%2Fv2%2Fmedia&parent=15280"}],"wp:term":[{"taxonomy":"category","embeddable":true,"href":"https:\/\/pasaenmendoza.com\/index.php?rest_route=%2Fwp%2Fv2%2Fcategories&post=15280"},{"taxonomy":"post_tag","embeddable":true,"href":"https:\/\/pasaenmendoza.com\/index.php?rest_route=%2Fwp%2Fv2%2Ftags&post=15280"}],"curies":[{"name":"wp","href":"https:\/\/api.w.org\/{rel}","templated":true}]}}