{"id":15283,"date":"2025-10-17T21:15:43","date_gmt":"2025-10-17T19:15:43","guid":{"rendered":"https:\/\/pasaenmendoza.com\/?p=15283"},"modified":"2025-10-17T21:15:44","modified_gmt":"2025-10-17T19:15:44","slug":"educacion-presento-su-presupuesto-2026-24-escuelas-nuevas-ampliaciones-e-inversion-tecnologica","status":"publish","type":"post","link":"https:\/\/pasaenmendoza.com\/?p=15283","title":{"rendered":"Educaci\u00f3n present\u00f3 su presupuesto 2026: 24 escuelas nuevas, ampliaciones e inversi\u00f3n tecnol\u00f3gica"},"content":{"rendered":"\n<p>Este viernes fue el turno del\u00a0<strong>Ministerio de Educaci\u00f3n, Cultura, Infancias y DGE (Direcci\u00f3n General de Escuelas)<\/strong>\u00a0para la presentaci\u00f3n del\u00a0<strong>Presupuesto 2026<\/strong>\u00a0en la Legislatura provincial.\u00a0<\/p>\n\n\n\n<p>Se anunci\u00f3 una fuerte inversi\u00f3n en cada una de las \u00e1reas, resaltando la construcci\u00f3n de nuevas escuelas, reparaciones y mantenimiento en los establecimientos y desarrollo tecnol\u00f3gico.\u00a0<\/p>\n\n\n\n<p>&#8220;El<strong>\u00a0Presupuesto2026<\/strong>\u00a0consolida una mirada integral sobre educaci\u00f3n, cultura e infancias. M\u00e1s alfabetizaci\u00f3n y tecnolog\u00eda en las aulas, m\u00e1s espacios para la creatividad y el desarrollo cultural, y m\u00e1s acompa\u00f1amiento para cuidar a nuestras infancias. Este ministerio gestionar\u00e1 el 25,3% del presupuesto total de forma directa y llega al 29,1 con fondos indirectos aplicados a Educaci\u00f3n&#8221;, se\u00f1al\u00f3 el ministro del \u00e1rea,\u00a0<strong>Tadeo Garc\u00eda Zalazar.\u00a0<\/strong><\/p>\n\n\n\n<h3 class=\"wp-block-heading\">Principales anuncios<\/h3>\n\n\n\n<figure class=\"wp-block-image\"><img decoding=\"async\" src=\"https:\/\/statics.diariomendoza.com.ar\/2025\/10\/crop\/68f27a8763a8a__780x780.webp\" alt=\"presupuesto educaci\u00f3n 2026 (3)\"\/><figcaption class=\"wp-element-caption\">&nbsp;<\/figcaption><\/figure>\n\n\n\n<figure class=\"wp-block-image\"><img decoding=\"async\" src=\"https:\/\/statics.diariomendoza.com.ar\/2025\/10\/crop\/68f27aad15b04__780x780.webp\" alt=\"presupuesto educaci\u00f3n 2026 (4)\"\/><figcaption class=\"wp-element-caption\">&nbsp;<\/figcaption><\/figure>\n\n\n\n<figure class=\"wp-block-image\"><img decoding=\"async\" src=\"https:\/\/statics.diariomendoza.com.ar\/2025\/10\/crop\/68f27ad5047fb__780x780.webp\" alt=\"presupuesto educaci\u00f3n 2026 (5)\"\/><figcaption class=\"wp-element-caption\">&nbsp;<\/figcaption><\/figure>\n\n\n\n<figure class=\"wp-block-image\"><img decoding=\"async\" src=\"https:\/\/statics.diariomendoza.com.ar\/2025\/10\/crop\/68f27af5cfd14__780x780.webp\" alt=\"presupuesto educaci\u00f3n 2026 (6)\"\/><\/figure>\n\n\n\n<p><strong>Fuente: www.diariomendoza.com.ar<\/strong><\/p>\n","protected":false},"excerpt":{"rendered":"<p>Este viernes fue el turno del\u00a0Ministerio de Educaci\u00f3n, Cultura, Infancias y DGE (Direcci\u00f3n General de Escuelas)\u00a0para la presentaci\u00f3n del\u00a0Presupuesto 2026\u00a0en la Legislatura provincial.\u00a0 Se anunci\u00f3 una fuerte inversi\u00f3n en cada una de las \u00e1reas, resaltando la construcci\u00f3n de nuevas escuelas, reparaciones y mantenimiento en los establecimientos y desarrollo tecnol\u00f3gico.\u00a0 &#8220;El\u00a0Presupuesto2026\u00a0consolida una mirada integral sobre educaci\u00f3n, [&hellip;]<\/p>\n","protected":false},"author":2,"featured_media":15284,"comment_status":"open","ping_status":"open","sticky":false,"template":"","format":"standard","meta":[],"categories":[56],"tags":[],"_links":{"self":[{"href":"https:\/\/pasaenmendoza.com\/index.php?rest_route=\/wp\/v2\/posts\/15283"}],"collection":[{"href":"https:\/\/pasaenmendoza.com\/index.php?rest_route=\/wp\/v2\/posts"}],"about":[{"href":"https:\/\/pasaenmendoza.com\/index.php?rest_route=\/wp\/v2\/types\/post"}],"author":[{"embeddable":true,"href":"https:\/\/pasaenmendoza.com\/index.php?rest_route=\/wp\/v2\/users\/2"}],"replies":[{"embeddable":true,"href":"https:\/\/pasaenmendoza.com\/index.php?rest_route=%2Fwp%2Fv2%2Fcomments&post=15283"}],"version-history":[{"count":1,"href":"https:\/\/pasaenmendoza.com\/index.php?rest_route=\/wp\/v2\/posts\/15283\/revisions"}],"predecessor-version":[{"id":15285,"href":"https:\/\/pasaenmendoza.com\/index.php?rest_route=\/wp\/v2\/posts\/15283\/revisions\/15285"}],"wp:featuredmedia":[{"embeddable":true,"href":"https:\/\/pasaenmendoza.com\/index.php?rest_route=\/wp\/v2\/media\/15284"}],"wp:attachment":[{"href":"https:\/\/pasaenmendoza.com\/index.php?rest_route=%2Fwp%2Fv2%2Fmedia&parent=15283"}],"wp:term":[{"taxonomy":"category","embeddable":true,"href":"https:\/\/pasaenmendoza.com\/index.php?rest_route=%2Fwp%2Fv2%2Fcategories&post=15283"},{"taxonomy":"post_tag","embeddable":true,"href":"https:\/\/pasaenmendoza.com\/index.php?rest_route=%2Fwp%2Fv2%2Ftags&post=15283"}],"curies":[{"name":"wp","href":"https:\/\/api.w.org\/{rel}","templated":true}]}}