{"id":15286,"date":"2025-10-17T21:18:33","date_gmt":"2025-10-17T19:18:33","guid":{"rendered":"https:\/\/pasaenmendoza.com\/?p=15286"},"modified":"2025-10-17T21:23:00","modified_gmt":"2025-10-17T19:23:00","slug":"palmares-inaugura-su-ampliacion-de-4-000-m2-con-marcas-de-uruguay-y-china","status":"publish","type":"post","link":"https:\/\/pasaenmendoza.com\/?p=15286","title":{"rendered":"Palmares inaugura su ampliaci\u00f3n de 4.000 m2 con marcas de Uruguay y China"},"content":{"rendered":"\n<p>Luego de un largo tiempo de obra, uno de los principales centros comerciales de la provincia de Mendoza se expande.&nbsp;<strong>Palmares<\/strong>&nbsp;habilita a partir de este viernes 17 una&nbsp;<strong>ampliaci\u00f3n<\/strong>&nbsp;de 4.000 metros cuadrados para sumar m\u00e1s&nbsp;<strong>locales<\/strong>&nbsp;y varias&nbsp;<strong>marcas&nbsp;<\/strong>internacionales que llegan desde Uruguay y tambi\u00e9n de&nbsp;<strong>China<\/strong>.<\/p>\n\n\n\n<p>En total, con la expansi\u00f3n el complejo de Godoy Cruz ya cuenta con&nbsp;<strong>160 locales<\/strong>&nbsp;de los cuales la mayor\u00eda son franquicias de distintos rubros.<\/p>\n\n\n\n<p>&#8220;Concluimos una obra que en total llev\u00f3 casi diez a\u00f1os, aunque esta etapa insumi\u00f3 poco m\u00e1s de uno. De la nueva superficie, alrededor de 1.600 es alquilable&#8221;, detall\u00f3 Diego Lago, el gerente general del mall, quien confirm\u00f3 que alrededor del 90% de las marcas que ya desembarcaron son franquicias.<\/p>\n\n\n\n<p>Entre los nuevos inquilinos hay marcas nacionales y extranjeras, como la&nbsp;<strong>tienda uruguaya<\/strong>&nbsp;de indumentaria, regaler\u00eda y bazar Indian. Y tambi\u00e9n&nbsp;<strong>Changan<\/strong>&nbsp;y JMEV, las automotrices de origen&nbsp;<strong>chino,&nbsp;<\/strong>que completan los desembarcos junto a&nbsp;<strong>otras 5 marcas&nbsp;<\/strong>relacionadas al negocio del caf\u00e9, la ropa t\u00e9cnica y otro tipo de art\u00edculos.<\/p>\n\n\n\n<h2 class=\"wp-block-heading\">Marcas desde China y Uruguay<\/h2>\n\n\n\n<p>Fundada hace 60 a\u00f1os y reci\u00e9n llegada a Mendoza desde Uruguay, Indian viene de abrir sus primeros locales en<strong>&nbsp;Buenos Aires,&nbsp;<\/strong>de 4000 m2 (donde funcion\u00f3 Falabella) y&nbsp;<strong>C\u00f3rdoba&nbsp;<\/strong>caracterizados por su amplia superficie. Y es punta de lanza de la flamante ampliaci\u00f3n de&nbsp;<strong>Palmares,&nbsp;<\/strong>donde ocupar\u00e1 un local de m\u00e1s de 700 m2, pero va por m\u00e1s.<\/p>\n\n\n\n<p>La propuesta se asemeja al de la conocida megatienda chilena multirubro que estuvo en Mendoza m\u00e1s de 20 a\u00f1os: a la l\u00ednea de&nbsp;<strong>indumentaria femenina<\/strong>&nbsp;se suman&nbsp;<strong>lencer\u00eda<\/strong>, moda&nbsp;<strong>urbana masculina<\/strong>&nbsp;&#8220;pensada para todas las edades y momentos del d\u00eda&#8221; y tambi\u00e9n para ni\u00f1os. Y adem\u00e1s de regaler\u00eda,&nbsp;<strong>art\u00edculos del hogar<\/strong>, desde vajilla y textiles hasta muebles.<\/p>\n\n\n\n<p>As\u00ed, la cadena se posiciona a nivel regional, con 50 tiendas entre Uruguay, Paraguay y Argentina.<\/p>\n\n\n\n<p>Por su parte, como parte de la nueva ola que llega con la apertura de importaciones, las&nbsp;<strong>automotrices de China<\/strong>&nbsp;empiezan a hacer pie en Mendoza con Palmares.<\/p>\n\n\n\n<p>Es el caso de<strong>&nbsp;Changan<\/strong>, que junto a<strong>&nbsp;JMEV<\/strong>&nbsp;tendr\u00e1n su propio concesionario en el centro comercial a la vera de la Panamericana con toda su l\u00ednea de autos, SUV, camionetas y hasta utilitarios.<\/p>\n\n\n\n<h2 class=\"wp-block-heading\">De Palmares al centro de Mendoza<\/h2>\n\n\n\n<p>El resto de las marcas que llegan a la nueva ala de 1.600 m2 resultado de la ampliaci\u00f3n de Palmares tambi\u00e9n marcan la diferencia.<\/p>\n\n\n\n<p>Junto a&nbsp;<strong>Crist\u00f3bal Col\u00f3n<\/strong>&nbsp;(indumentaria), asoman<strong>&nbsp;Kapselmaker,&nbsp;<\/strong>que, seg\u00fan adelant\u00f3 Lago &#8220;es el primer<strong>&nbsp;tostadero de caf\u00e9<\/strong>&nbsp;a la vista que llega a&nbsp;<strong>un shopping<\/strong>&nbsp;en Argentina&#8221;. Ideal para los amantes de esa bebida.<\/p>\n\n\n\n<p>La lista de nuevos inquilinos se completa con Peuqe, Edici\u00f3n Priv\u00e9 y Mountany, con una oferta de &#8220;ropa t\u00e9cnica&#8221;, esto es, para los aficionados al monta\u00f1ismo con indumentaria af\u00edn como la conocida Ansilta, entre otras.<\/p>\n\n\n\n<p>Pero la din\u00e1mica de algunas cadenas ya empez\u00f3 a trascender al shopping de Godoy Cruz. De hecho, luego de abrir su primera tienda en&nbsp;<strong>Palmares<\/strong>&nbsp;este viernes 17, Indian sumar\u00e1 otra en pleno centro, en la intersecci\u00f3n de avenida&nbsp;<strong>San Mart\u00edn y San Luis<\/strong>, a partir del mes de&nbsp;<strong>diciembre<\/strong>.<\/p>\n\n\n\n<p><strong>Fuente: www.diariouno.com.ar<\/strong><\/p>\n","protected":false},"excerpt":{"rendered":"<p>Luego de un largo tiempo de obra, uno de los principales centros comerciales de la provincia de Mendoza se expande.&nbsp;Palmares&nbsp;habilita a partir de este viernes 17 una&nbsp;ampliaci\u00f3n&nbsp;de 4.000 metros cuadrados para sumar m\u00e1s&nbsp;locales&nbsp;y varias&nbsp;marcas&nbsp;internacionales que llegan desde Uruguay y tambi\u00e9n de&nbsp;China. En total, con la expansi\u00f3n el complejo de Godoy Cruz ya cuenta con&nbsp;160 locales&nbsp;de [&hellip;]<\/p>\n","protected":false},"author":2,"featured_media":15287,"comment_status":"open","ping_status":"open","sticky":false,"template":"","format":"standard","meta":[],"categories":[112],"tags":[],"_links":{"self":[{"href":"https:\/\/pasaenmendoza.com\/index.php?rest_route=\/wp\/v2\/posts\/15286"}],"collection":[{"href":"https:\/\/pasaenmendoza.com\/index.php?rest_route=\/wp\/v2\/posts"}],"about":[{"href":"https:\/\/pasaenmendoza.com\/index.php?rest_route=\/wp\/v2\/types\/post"}],"author":[{"embeddable":true,"href":"https:\/\/pasaenmendoza.com\/index.php?rest_route=\/wp\/v2\/users\/2"}],"replies":[{"embeddable":true,"href":"https:\/\/pasaenmendoza.com\/index.php?rest_route=%2Fwp%2Fv2%2Fcomments&post=15286"}],"version-history":[{"count":2,"href":"https:\/\/pasaenmendoza.com\/index.php?rest_route=\/wp\/v2\/posts\/15286\/revisions"}],"predecessor-version":[{"id":15292,"href":"https:\/\/pasaenmendoza.com\/index.php?rest_route=\/wp\/v2\/posts\/15286\/revisions\/15292"}],"wp:featuredmedia":[{"embeddable":true,"href":"https:\/\/pasaenmendoza.com\/index.php?rest_route=\/wp\/v2\/media\/15287"}],"wp:attachment":[{"href":"https:\/\/pasaenmendoza.com\/index.php?rest_route=%2Fwp%2Fv2%2Fmedia&parent=15286"}],"wp:term":[{"taxonomy":"category","embeddable":true,"href":"https:\/\/pasaenmendoza.com\/index.php?rest_route=%2Fwp%2Fv2%2Fcategories&post=15286"},{"taxonomy":"post_tag","embeddable":true,"href":"https:\/\/pasaenmendoza.com\/index.php?rest_route=%2Fwp%2Fv2%2Ftags&post=15286"}],"curies":[{"name":"wp","href":"https:\/\/api.w.org\/{rel}","templated":true}]}}