{"id":15289,"date":"2025-10-17T21:22:27","date_gmt":"2025-10-17T19:22:27","guid":{"rendered":"https:\/\/pasaenmendoza.com\/?p=15289"},"modified":"2025-10-17T21:22:28","modified_gmt":"2025-10-17T19:22:28","slug":"escuelas-de-verano-exigen-que-haya-un-profesor-y-un-auxiliar-cada-10-chicos-en-la-pileta","status":"publish","type":"post","link":"https:\/\/pasaenmendoza.com\/?p=15289","title":{"rendered":"Escuelas de verano: exigen que haya un profesor y un auxiliar cada 10 chicos en la pileta"},"content":{"rendered":"\n<p>El Senado mendocino aprob\u00f3 por unanimidad un proyecto que establece un<strong>\u00a0marco regulatorio<\/strong>\u00a0para las\u00a0<strong>escuelas de verano<\/strong>. La iniciativa fija requisitos de seguridad, control y responsabilidad que hasta ahora no exist\u00edan, y se la espera en\u00a0<strong>Diputados<\/strong>\u00a0antes de que comience la temporada estival.<\/p>\n\n\n\n<p>Hasta ahora, las colonias o&nbsp;<strong>escuelas de verano&nbsp;<\/strong>en Mendoza funcionaban sin una normativa espec\u00edfica que unificara criterios de habilitaci\u00f3n, seguridad o control. Cada municipio otorgaba permisos y muchas veces la organizaci\u00f3n quedaba a criterio de los&nbsp;<strong>clubes<\/strong>&nbsp;o de las empresas deportivas que prestaban el servicio.<\/p>\n\n\n\n<p>El proyecto aprobado por el\u00a0<strong>Senado<\/strong>\u00a0provincial, impulsado por la senadora justicialista\u00a0<strong>Adriana Cano<\/strong>, apunta a cubrir ese vac\u00edo legal con un sistema que regule, supervise y determine responsabilidades. Si obtiene sanci\u00f3n definitiva, representar\u00e1 el primer marco normativo integral para estas actividades en toda la provincia.<\/p>\n\n\n\n<h2 class=\"wp-block-heading\">Un registro \u00fanico y responsabilidades definidas<\/h2>\n\n\n\n<p>Uno de los ejes centrales es la creaci\u00f3n de un registro provincial de<strong>&nbsp;escuelas de verano<\/strong>, que deber\u00e1 ser administrado y publicado por la Secretar\u00eda de Deportes. Hasta ahora, ese registro exist\u00eda solo para los clubes, pero no para las colonias que funcionan como servicios tercerizados dentro de esas instituciones.<\/p>\n\n\n\n<p>El\u00a0<strong>proyecto de ley<\/strong>\u00a0tambi\u00e9n establece con claridad\u00a0<strong>qui\u00e9n responde ante un reclamo o incidente<\/strong>. El club ser\u00e1 responsable de la habilitaci\u00f3n y condiciones de sus espacios, pero la empresa o equipo que organice la escuela de verano asumir\u00e1 la responsabilidad directa sobre los ni\u00f1os y las actividades.<\/p>\n\n\n\n<p>\u201cHoy, cuando hay que hacer un reclamo, ni siquiera por algo grave sino administrativo, no est\u00e1 claro a qui\u00e9n corresponde dirigirse. Con esta ley eso queda determinado\u201d, explic\u00f3 Cano durante la entrevista.<\/p>\n\n\n\n<h2 class=\"wp-block-heading\">Cu\u00e1ntos chicos por profesor y nuevas exigencias en pileta<\/h2>\n\n\n\n<p>La&nbsp;<strong>norma&nbsp;<\/strong>fija l\u00edmites precisos de cantidad de ni\u00f1os por grupo y personal a cargo.<\/p>\n\n\n\n<p>Para los grupos de 3 a 5 a\u00f1os, habr\u00e1 un m\u00e1ximo de 15 ni\u00f1os con un profesor y un auxiliar en actividades generales.<\/p>\n\n\n\n<p>En el caso de las\u00a0<strong>actividades acu\u00e1ticas<\/strong>, la proporci\u00f3n se reduce: un profesor y un auxiliar cada 10 ni\u00f1os, como m\u00ednimo.<\/p>\n\n\n\n<p>Adem\u00e1s, se incorporan requisitos obligatorios como&nbsp;<strong>seguros&nbsp;<\/strong>de responsabilidad civil, capacitaci\u00f3n en reanimaci\u00f3n cardiopulmonar (RCP), protocolos para campamentos y actividades acu\u00e1ticas y controles m\u00e9dicos peri\u00f3dicos.<\/p>\n\n\n\n<h2 class=\"wp-block-heading\">Un avance que busca llegar a tiempo<\/h2>\n\n\n\n<p>El proyecto declara a las&nbsp;<strong>escuelas de verano<\/strong>&nbsp;como actividades de inter\u00e9s provincial, con fines educativos y recreativos. Para Cano, el objetivo es garantizar espacios \u201cseguros, formativos y accesibles para todas las familias mendocinas\u201d.<\/p>\n\n\n\n<p>El antecedente m\u00e1s grave de los \u00faltimos a\u00f1os fue la muerte de un ni\u00f1o de 4 a\u00f1os\u00a0<strong>ahogado<\/strong>\u00a0en una pileta del club Marista, en Luj\u00e1n de Cuyo, un caso que reaviv\u00f3 la discusi\u00f3n sobre la falta de controles.<\/p>\n\n\n\n<p>Cano sostuvo que es importante que\u00a0<strong>la C\u00e1mara de Diputados\u00a0<\/strong>trate el proyecto antes de la segunda quincena de diciembre, cuando comienzan a funcionar la mayor\u00eda de las colonias. \u201cEs necesario que esta regulaci\u00f3n est\u00e9 vigente para la pr\u00f3xima temporada\u201d, advirti\u00f3.<\/p>\n\n\n\n<p><strong>Fuente: www.diariouno.com.ar<\/strong><\/p>\n","protected":false},"excerpt":{"rendered":"<p>El Senado mendocino aprob\u00f3 por unanimidad un proyecto que establece un\u00a0marco regulatorio\u00a0para las\u00a0escuelas de verano. La iniciativa fija requisitos de seguridad, control y responsabilidad que hasta ahora no exist\u00edan, y se la espera en\u00a0Diputados\u00a0antes de que comience la temporada estival. Hasta ahora, las colonias o&nbsp;escuelas de verano&nbsp;en Mendoza funcionaban sin una normativa espec\u00edfica que unificara [&hellip;]<\/p>\n","protected":false},"author":2,"featured_media":15290,"comment_status":"open","ping_status":"open","sticky":false,"template":"","format":"standard","meta":[],"categories":[50],"tags":[],"_links":{"self":[{"href":"https:\/\/pasaenmendoza.com\/index.php?rest_route=\/wp\/v2\/posts\/15289"}],"collection":[{"href":"https:\/\/pasaenmendoza.com\/index.php?rest_route=\/wp\/v2\/posts"}],"about":[{"href":"https:\/\/pasaenmendoza.com\/index.php?rest_route=\/wp\/v2\/types\/post"}],"author":[{"embeddable":true,"href":"https:\/\/pasaenmendoza.com\/index.php?rest_route=\/wp\/v2\/users\/2"}],"replies":[{"embeddable":true,"href":"https:\/\/pasaenmendoza.com\/index.php?rest_route=%2Fwp%2Fv2%2Fcomments&post=15289"}],"version-history":[{"count":1,"href":"https:\/\/pasaenmendoza.com\/index.php?rest_route=\/wp\/v2\/posts\/15289\/revisions"}],"predecessor-version":[{"id":15291,"href":"https:\/\/pasaenmendoza.com\/index.php?rest_route=\/wp\/v2\/posts\/15289\/revisions\/15291"}],"wp:featuredmedia":[{"embeddable":true,"href":"https:\/\/pasaenmendoza.com\/index.php?rest_route=\/wp\/v2\/media\/15290"}],"wp:attachment":[{"href":"https:\/\/pasaenmendoza.com\/index.php?rest_route=%2Fwp%2Fv2%2Fmedia&parent=15289"}],"wp:term":[{"taxonomy":"category","embeddable":true,"href":"https:\/\/pasaenmendoza.com\/index.php?rest_route=%2Fwp%2Fv2%2Fcategories&post=15289"},{"taxonomy":"post_tag","embeddable":true,"href":"https:\/\/pasaenmendoza.com\/index.php?rest_route=%2Fwp%2Fv2%2Ftags&post=15289"}],"curies":[{"name":"wp","href":"https:\/\/api.w.org\/{rel}","templated":true}]}}