{"id":1529,"date":"2023-09-18T15:05:29","date_gmt":"2023-09-18T13:05:29","guid":{"rendered":"https:\/\/pasaenmendoza.com\/?p=1529"},"modified":"2023-09-18T15:05:30","modified_gmt":"2023-09-18T13:05:30","slug":"pronostico-en-mendoza-nubosidad-variable-y-leve-descenso-de-la-temperatura","status":"publish","type":"post","link":"https:\/\/pasaenmendoza.com\/?p=1529","title":{"rendered":"Pron\u00f3stico en Mendoza: nubosidad variable y leve descenso de la temperatura"},"content":{"rendered":"\n<p>La\u00a0<strong>semana arranca<\/strong>\u00a0con un leve descenso de la temperatura y nubosidad variable.\u00a0<mark>La m\u00ednima prevista podr\u00eda llegar a los 7 grados y la m\u00e1xima de 18.<\/mark><\/p>\n\n\n\n<p>Para el\u00a0<strong>martes<\/strong>, la\u00a0<strong>Direcci\u00f3n de Contingencias Clim\u00e1ticas<\/strong>\u00a0pronostica \u201cCielo parcialmente nublado con ascenso de la temperatura, vientos leves del noreste\u201d.\u00a0<mark>La m\u00ednima ser\u00e1 de 5 grados y la m\u00e1xima de 22.<\/mark><\/p>\n\n\n\n<p>Para\u00a0<strong>mi\u00e9rcoles y jueves<\/strong>, D\u00eda de la Primavera, el term\u00f3metro repunta y\u00a0<mark>las m\u00e1ximas llegar\u00e1n a los 26 grados.<\/mark><\/p>\n\n\n\n<p><strong>La situaci\u00f3n en alta monta\u00f1a<\/strong><\/p>\n\n\n\n<p>El\u00a0<strong>Sistema Integrado Cristo Redentor<\/strong>\u00a0se encuentra\u00a0<mark>transitable\u00a0<\/mark>para todo tipo de veh\u00edculo, durante las 24 horas.<\/p>\n\n\n\n<p>El\u00a0<strong>paso Pehuenche<\/strong>\u00a0est\u00e1\u00a0<mark>cerrado<\/mark>\u00a0por tiempo indeterminado.<\/p>\n\n\n\n<p><strong>Fuente: www.elsol.com.ar<\/strong><\/p>\n","protected":false},"excerpt":{"rendered":"<p>La\u00a0semana arranca\u00a0con un leve descenso de la temperatura y nubosidad variable.\u00a0La m\u00ednima prevista podr\u00eda llegar a los 7 grados y la m\u00e1xima de 18. Para el\u00a0martes, la\u00a0Direcci\u00f3n de Contingencias Clim\u00e1ticas\u00a0pronostica \u201cCielo parcialmente nublado con ascenso de la temperatura, vientos leves del noreste\u201d.\u00a0La m\u00ednima ser\u00e1 de 5 grados y la m\u00e1xima de 22. Para\u00a0mi\u00e9rcoles y jueves, [&hellip;]<\/p>\n","protected":false},"author":2,"featured_media":1530,"comment_status":"open","ping_status":"open","sticky":false,"template":"","format":"standard","meta":[],"categories":[52],"tags":[],"_links":{"self":[{"href":"https:\/\/pasaenmendoza.com\/index.php?rest_route=\/wp\/v2\/posts\/1529"}],"collection":[{"href":"https:\/\/pasaenmendoza.com\/index.php?rest_route=\/wp\/v2\/posts"}],"about":[{"href":"https:\/\/pasaenmendoza.com\/index.php?rest_route=\/wp\/v2\/types\/post"}],"author":[{"embeddable":true,"href":"https:\/\/pasaenmendoza.com\/index.php?rest_route=\/wp\/v2\/users\/2"}],"replies":[{"embeddable":true,"href":"https:\/\/pasaenmendoza.com\/index.php?rest_route=%2Fwp%2Fv2%2Fcomments&post=1529"}],"version-history":[{"count":1,"href":"https:\/\/pasaenmendoza.com\/index.php?rest_route=\/wp\/v2\/posts\/1529\/revisions"}],"predecessor-version":[{"id":1531,"href":"https:\/\/pasaenmendoza.com\/index.php?rest_route=\/wp\/v2\/posts\/1529\/revisions\/1531"}],"wp:featuredmedia":[{"embeddable":true,"href":"https:\/\/pasaenmendoza.com\/index.php?rest_route=\/wp\/v2\/media\/1530"}],"wp:attachment":[{"href":"https:\/\/pasaenmendoza.com\/index.php?rest_route=%2Fwp%2Fv2%2Fmedia&parent=1529"}],"wp:term":[{"taxonomy":"category","embeddable":true,"href":"https:\/\/pasaenmendoza.com\/index.php?rest_route=%2Fwp%2Fv2%2Fcategories&post=1529"},{"taxonomy":"post_tag","embeddable":true,"href":"https:\/\/pasaenmendoza.com\/index.php?rest_route=%2Fwp%2Fv2%2Ftags&post=1529"}],"curies":[{"name":"wp","href":"https:\/\/api.w.org\/{rel}","templated":true}]}}