{"id":15293,"date":"2025-10-17T22:48:02","date_gmt":"2025-10-17T20:48:02","guid":{"rendered":"https:\/\/pasaenmendoza.com\/?p=15293"},"modified":"2025-10-17T22:48:04","modified_gmt":"2025-10-17T20:48:04","slug":"cornejo-en-idea-la-reforma-de-la-coparticipacion-los-cambios-postelecciones-y-su-consejo-a-los-gobernadores","status":"publish","type":"post","link":"https:\/\/pasaenmendoza.com\/?p=15293","title":{"rendered":"Cornejo en IDEA: la reforma de la coparticipaci\u00f3n, los cambios postelecciones y su consejo a los gobernadores"},"content":{"rendered":"\n<p>El gobernador de Mendoza,\u00a0<strong>Alfredo Cornejo<\/strong>, particip\u00f3 del coloquio de\u00a0<strong>IDEA<\/strong>\u00a0que se desarrolla en Buenos Aires y re\u00fane a pol\u00edticos y empresarios. En su alocuci\u00f3n, insisti\u00f3 en una reforma del sistema de coparticipaci\u00f3n federal, analiz\u00f3 el futuro postelecciones de la Argentina y alent\u00f3 a sus colegas a \u201csacar al gremio docente del medio en la gobernanza\u201d.<\/p>\n\n\n\n<p>En la primera parte de su exposici\u00f3n, tal como lo hizo ante el presidente\u00a0<strong>Javier Milei<\/strong>\u00a0durante el Almuerzo de las Fuerzas Vivas, en San Rafael,\u00a0<strong>Cornejo<\/strong>\u00a0pidi\u00f3 cambios en el reparto de fondos nacionales a las provincias. Entiende que es \u201curgente\u201d realizar una\u00a0<strong>reforma fiscal<\/strong>\u00a0en el pa\u00eds, advirti\u00f3 que la misma necesariamente \u201cdebe estar atada a una reforma de la\u00a0<strong>coparticipaci\u00f3n nacional<\/strong>\u201d.<\/p>\n\n\n\n<p>\u201cHay una correlaci\u00f3n directa entre mayores&nbsp;<strong>Ingresos Brutos<\/strong>&nbsp;y menor porcentaje per c\u00e1pita de la coparticipaci\u00f3n de distribuci\u00f3n. Y, adem\u00e1s, mientras m\u00e1s recibo de&nbsp;<strong>coparticipaci\u00f3n<\/strong>, m\u00e1s empleo p\u00fablico tengo\u201d, explic\u00f3.<\/p>\n\n\n\n<p>De ah\u00ed que&nbsp;<strong>Alfredo Cornejo<\/strong>&nbsp;no se imagina \u201cuna reforma fiscal sin modificar los impuestos al trabajo, lo previsional, y sin modificar la coparticipaci\u00f3n\u201d.<\/p>\n\n\n\n<h2 class=\"wp-block-heading\">La reforma fiscal y la de la coparticipaci\u00f3n, en voz de Alfredo Cornejo<\/h2>\n\n\n\n<p>\u201cLa Argentina tiene un&nbsp;<strong>esquema impositivo<\/strong>&nbsp;que no promueve el empleo, si no lo desincentiva\u201d, afirm\u00f3 el gobernador de Mendoza en una mesa que comparti\u00f3 con otros gobernadores como Rogelio Frigerio -Entre R\u00edos- y Leandro Zdero -Chaco-.<\/p>\n\n\n\n<p>\u201cNo promueve la inversi\u00f3n, no promueve las exportaciones, y tiene los impuestos m\u00e1s altos sobre el trabajo\u201d, analiz\u00f3 Cornejo.<\/p>\n\n\n\n<p>Por estas razones, dijo, es necesaria e inminente una reforma impositiva, pero, para poder avanzar con ella y reducir impuestos como el de&nbsp;<strong>Ingresos Brutos<\/strong>, el de Sellos, las retenciones o el Impuesto al Cheque, \u201chay que hacer una reforma integral\u201d.<\/p>\n\n\n\n<p>Y es all\u00ed donde entra su pedido por un cambio en el dise\u00f1o de la coparticipaci\u00f3n federal.<\/p>\n\n\n\n<p>\u201cHay provincias que no tienen el m\u00e1s m\u00ednimo incentivo para tener actividad privada, para tener inversi\u00f3n, porque lo reciben casi todo de los&nbsp;<strong>fondos coparticipables<\/strong>. Y hay nueve provincias que tenemos la necesidad, por el peso del sector privado, de tener impuestos provinciales. Hay provincias a las que les da igual tener o no&nbsp;<strong>impuestos provinciales<\/strong>. En Mendoza no es as\u00ed\u201d, argument\u00f3.<\/p>\n\n\n\n<p>\u201cUna&nbsp;<strong>reforma fiscal<\/strong>&nbsp;debe estar atada a una reforma de la coparticipaci\u00f3n nacional. No puede ser de otra forma\u201d, cerr\u00f3 Alfredo Cornejo.<\/p>\n\n\n\n<h2 class=\"wp-block-heading\">El apoyo de Alfredo Cornejo a Javier Milei y los cambios postelecciones<\/h2>\n\n\n\n<p>El gobernador Cornejo asegur\u00f3, en la charla con otros mandatarios durante el\u00a0<strong>coloquio de IDEA<\/strong>, que las reformas estructurales que requiere la econom\u00eda argentina para su crecimiento est\u00e1n en el\u00a0<strong>Pacto de Mayo<\/strong>. \u201cNo alcanza con los aliados electorales, lo \u00f3ptimo es que volvamos al estatus pol\u00edtico con el que se aprob\u00f3 la Ley Bases\u201d, reflexion\u00f3 el mendocino.<\/p>\n\n\n\n<p>Aquel momento, opin\u00f3&nbsp;<strong>Alfredo Cornejo<\/strong>, \u201cfue un punto de inflexi\u00f3n para el gobierno nacional, empez\u00f3 a crecer en las encuestas y, luego, tuvo resultados econ\u00f3micos como la baja de la inflaci\u00f3n\u201d. Sin embargo, ese panorama pol\u00edtico cambi\u00f3 por cuestiones electorales, lo que gener\u00f3 un contexto de incertidumbre.<\/p>\n\n\n\n<p>Por eso, entiende el gobernador de Mendoza, la econom\u00eda necesita que el gobierno de Milei tenga un \u201cespaldarazo\u201d en las&nbsp;<strong>elecciones<\/strong>. Y ya, despu\u00e9s de eso, la Naci\u00f3n tendr\u00e1, para Cornejo, la oportunidad de ampliar su base de alianza y contar con el apoyo de 12 a 15 gobernadores que est\u00e1n disponibles para hacer las reformas estructurales.<\/p>\n\n\n\n<p>Alfredo Cornejo adelant\u00f3, adem\u00e1s, que el 14 de diciembre el&nbsp;<strong>Consejo de Mayo<\/strong>&nbsp;del que forma parte dar\u00e1 un informe base para avanzar sobre esos cambios: \u201cSoy optimista\u201d, dijo.<\/p>\n\n\n\n<h2 class=\"wp-block-heading\">Alfabetizaci\u00f3n y gremio docente: el consejo de Alfredo Cornejo a los gobernadores<\/h2>\n\n\n\n<p>El tercer momento de la exposici\u00f3n de los gobernadores tuvo como eje la educaci\u00f3n. Respecto de ello,&nbsp;<strong>Alfredo Cornejo<\/strong>&nbsp;puntualiz\u00f3 dos claves: el proceso de alfabetizaci\u00f3n, que inici\u00f3 en su primer mandato; y el freno al&nbsp;<strong>gremio docente<\/strong>.<\/p>\n\n\n\n<p>\u201cMendoza tiene que seguir produciendo cambios en materia educativa. No solo de educaci\u00f3n para el trabajo, sino tambi\u00e9n en el proceso de alfabetizaci\u00f3n, que no est\u00e1 cumplido al 100%\u201d. Esto, porque son procesos largos que tienen que ser sostenidos a medida que avanzan los gobiernos.<\/p>\n\n\n\n<p>El gobernador explic\u00f3 ante empresarios y pol\u00edticos que\u00a0<strong>Mendoza<\/strong>\u00a0inici\u00f3 ese cambio en la forma de ense\u00f1ar a\u00a0<strong>leer y escribir<\/strong>\u00a0durante su primera gesti\u00f3n de gobierno. Y que los resultados reci\u00e9n se empezaron a ver seis a\u00f1os despu\u00e9s.<\/p>\n\n\n\n<p>\u201cLo segundo que hicimos, y se lo recomiendo a las provincias \u2013arranc\u00f3 Alfredo Cornejo-, fue procurar que los&nbsp;<strong>sindicatos<\/strong>&nbsp;representen al inter\u00e9s de docente leg\u00edtimo, pero que no gobiernen el sistema, porque cuando lo hacen, distorsionan los objetivos del servicio p\u00fablico de&nbsp;<strong>educaci\u00f3n<\/strong>\u201d.<\/p>\n\n\n\n<p>Y fue crudo: \u201cHay que&nbsp;<strong>sacarlos del medio<\/strong>&nbsp;en la gobernanza, porque conspiran contra todos los procesos\u201d.<\/p>\n\n\n\n<p>Para argumentar sus dichos,&nbsp;<strong>Cornejo<\/strong>&nbsp;ejemplific\u00f3: \u201cLa propensi\u00f3n del sindicato es a sostener el empleo del&nbsp;<strong>docente&nbsp;<\/strong>sin importar si la carrera o las materias le sirven o no al estudiante. Hab\u00eda un lugar donde promov\u00edan la licenciatura en Ambiente y no quer\u00edan la miner\u00eda. Ten\u00eda 18 docentes y en los \u00faltimos a\u00f1os solo se inscrib\u00edan 3 o 4 alumnos. \u00bfPor qu\u00e9? Porque no ten\u00eda salida laboral. Di mucha pelea y logramos cerrarlo\u201d.<\/p>\n\n\n\n<p>Y entonces, concluy\u00f3\u00a0<strong>Alfredo Cornejo<\/strong>\u00a0y aconsej\u00f3 a los otros mandatarios: \u201cNo se puede sostener el empleo sin ning\u00fan cambio en la curr\u00edcula, sin ninguna reconversi\u00f3n laboral. Por eso, para que los cambios prosperen, o se pacta con el sindicato o se impone la autoridad del sistema\u201d.<\/p>\n\n\n\n<p><strong>Fuente: www.diariouno.com.ar<\/strong><\/p>\n","protected":false},"excerpt":{"rendered":"<p>El gobernador de Mendoza,\u00a0Alfredo Cornejo, particip\u00f3 del coloquio de\u00a0IDEA\u00a0que se desarrolla en Buenos Aires y re\u00fane a pol\u00edticos y empresarios. En su alocuci\u00f3n, insisti\u00f3 en una reforma del sistema de coparticipaci\u00f3n federal, analiz\u00f3 el futuro postelecciones de la Argentina y alent\u00f3 a sus colegas a \u201csacar al gremio docente del medio en la gobernanza\u201d. En [&hellip;]<\/p>\n","protected":false},"author":2,"featured_media":15294,"comment_status":"open","ping_status":"open","sticky":false,"template":"","format":"standard","meta":[],"categories":[47],"tags":[],"_links":{"self":[{"href":"https:\/\/pasaenmendoza.com\/index.php?rest_route=\/wp\/v2\/posts\/15293"}],"collection":[{"href":"https:\/\/pasaenmendoza.com\/index.php?rest_route=\/wp\/v2\/posts"}],"about":[{"href":"https:\/\/pasaenmendoza.com\/index.php?rest_route=\/wp\/v2\/types\/post"}],"author":[{"embeddable":true,"href":"https:\/\/pasaenmendoza.com\/index.php?rest_route=\/wp\/v2\/users\/2"}],"replies":[{"embeddable":true,"href":"https:\/\/pasaenmendoza.com\/index.php?rest_route=%2Fwp%2Fv2%2Fcomments&post=15293"}],"version-history":[{"count":1,"href":"https:\/\/pasaenmendoza.com\/index.php?rest_route=\/wp\/v2\/posts\/15293\/revisions"}],"predecessor-version":[{"id":15295,"href":"https:\/\/pasaenmendoza.com\/index.php?rest_route=\/wp\/v2\/posts\/15293\/revisions\/15295"}],"wp:featuredmedia":[{"embeddable":true,"href":"https:\/\/pasaenmendoza.com\/index.php?rest_route=\/wp\/v2\/media\/15294"}],"wp:attachment":[{"href":"https:\/\/pasaenmendoza.com\/index.php?rest_route=%2Fwp%2Fv2%2Fmedia&parent=15293"}],"wp:term":[{"taxonomy":"category","embeddable":true,"href":"https:\/\/pasaenmendoza.com\/index.php?rest_route=%2Fwp%2Fv2%2Fcategories&post=15293"},{"taxonomy":"post_tag","embeddable":true,"href":"https:\/\/pasaenmendoza.com\/index.php?rest_route=%2Fwp%2Fv2%2Ftags&post=15293"}],"curies":[{"name":"wp","href":"https:\/\/api.w.org\/{rel}","templated":true}]}}