{"id":15296,"date":"2025-10-20T16:42:07","date_gmt":"2025-10-20T14:42:07","guid":{"rendered":"https:\/\/pasaenmendoza.com\/?p=15296"},"modified":"2025-10-20T16:42:08","modified_gmt":"2025-10-20T14:42:08","slug":"el-tiempo-en-mendoza-para-este-lunes-arranca-una-semana-calida","status":"publish","type":"post","link":"https:\/\/pasaenmendoza.com\/?p=15296","title":{"rendered":"El tiempo en Mendoza para este lunes: arranca una semana c\u00e1lida"},"content":{"rendered":"\n<p>La temperatura m\u00e1xima para este lunes ser\u00e1 de 31 grados cent\u00edgrados, mientras que la m\u00ednima subir\u00e1 a 15 grados cent\u00edgrados.<\/p>\n\n\n\n<p>Habr\u00e1 \u201cnubosidad variable con poco cambio de la temperatura, vientos leves del noreste\u201d.<\/p>\n\n\n\n<p>Se espera circulaci\u00f3n de viento del norte al sur, desde las 9 hasta la medianoche sobre la zona Norte-Este, Sur y Valle de Uco.<\/p>\n\n\n\n<p>Tambi\u00e9n se registrar\u00e1 viento Zonda desde las 13 hasta las 20 en precordillera, Malarg\u00fce y Valle de Uspallata, con velocidades de hasta 35 kil\u00f3metros por hora.<\/p>\n\n\n\n<p>El tiempo en alta monta\u00f1a: \u201cAlgo nublado en cordillera\u201d.<\/p>\n\n\n\n<p><strong>Fuente: www.elsol.com.ar<\/strong><\/p>\n","protected":false},"excerpt":{"rendered":"<p>La temperatura m\u00e1xima para este lunes ser\u00e1 de 31 grados cent\u00edgrados, mientras que la m\u00ednima subir\u00e1 a 15 grados cent\u00edgrados. Habr\u00e1 \u201cnubosidad variable con poco cambio de la temperatura, vientos leves del noreste\u201d. Se espera circulaci\u00f3n de viento del norte al sur, desde las 9 hasta la medianoche sobre la zona Norte-Este, Sur y Valle [&hellip;]<\/p>\n","protected":false},"author":2,"featured_media":15297,"comment_status":"open","ping_status":"open","sticky":false,"template":"","format":"standard","meta":[],"categories":[52],"tags":[],"_links":{"self":[{"href":"https:\/\/pasaenmendoza.com\/index.php?rest_route=\/wp\/v2\/posts\/15296"}],"collection":[{"href":"https:\/\/pasaenmendoza.com\/index.php?rest_route=\/wp\/v2\/posts"}],"about":[{"href":"https:\/\/pasaenmendoza.com\/index.php?rest_route=\/wp\/v2\/types\/post"}],"author":[{"embeddable":true,"href":"https:\/\/pasaenmendoza.com\/index.php?rest_route=\/wp\/v2\/users\/2"}],"replies":[{"embeddable":true,"href":"https:\/\/pasaenmendoza.com\/index.php?rest_route=%2Fwp%2Fv2%2Fcomments&post=15296"}],"version-history":[{"count":1,"href":"https:\/\/pasaenmendoza.com\/index.php?rest_route=\/wp\/v2\/posts\/15296\/revisions"}],"predecessor-version":[{"id":15298,"href":"https:\/\/pasaenmendoza.com\/index.php?rest_route=\/wp\/v2\/posts\/15296\/revisions\/15298"}],"wp:featuredmedia":[{"embeddable":true,"href":"https:\/\/pasaenmendoza.com\/index.php?rest_route=\/wp\/v2\/media\/15297"}],"wp:attachment":[{"href":"https:\/\/pasaenmendoza.com\/index.php?rest_route=%2Fwp%2Fv2%2Fmedia&parent=15296"}],"wp:term":[{"taxonomy":"category","embeddable":true,"href":"https:\/\/pasaenmendoza.com\/index.php?rest_route=%2Fwp%2Fv2%2Fcategories&post=15296"},{"taxonomy":"post_tag","embeddable":true,"href":"https:\/\/pasaenmendoza.com\/index.php?rest_route=%2Fwp%2Fv2%2Ftags&post=15296"}],"curies":[{"name":"wp","href":"https:\/\/api.w.org\/{rel}","templated":true}]}}