{"id":15302,"date":"2025-10-20T16:53:51","date_gmt":"2025-10-20T14:53:51","guid":{"rendered":"https:\/\/pasaenmendoza.com\/?p=15302"},"modified":"2025-10-20T16:53:52","modified_gmt":"2025-10-20T14:53:52","slug":"robo-en-un-cafe-del-centro-detuvieron-a-tres-personas","status":"publish","type":"post","link":"https:\/\/pasaenmendoza.com\/?p=15302","title":{"rendered":"Robo en un caf\u00e9 del centro: detuvieron a tres personas"},"content":{"rendered":"\n<p>En un operativo policial,\u00a0<strong>detuvieron a tres personas<\/strong>\u00a0vinculadas\u00a0<strong>al robo ocurrido en el caf\u00e9 &#8220;Bastante&#8221;<\/strong>, ubicado en la intersecci\u00f3n de Pedro Molina y Espa\u00f1a, de Ciudad de Mendoza.\u00a0<\/p>\n\n\n\n<p>Seg\u00fan el informe de Seguridad, los detenidos son\u00a0<strong>dos hombres de 25 y 26 a\u00f1os, y una mujer de 29, todos en situaci\u00f3n de calle.<\/strong>\u00a0<\/p>\n\n\n\n<p>Las detenciones se llevaron a cabo tras una serie de investigaciones que permitieron identificar a los sospechosos.\u00a0<\/p>\n\n\n\n<p><strong>El robo<\/strong><\/p>\n\n\n\n<p>En la madrugada de este lunes, a las 04:26 horas, se report\u00f3 un robo en el caf\u00e9 &#8220;<strong>Bastante&#8221;<\/strong>, ubicado en calle&nbsp;<strong>Espa\u00f1a 506<\/strong>, en el coraz\u00f3n de la&nbsp;<strong>Ciudad de Mendoza<\/strong>.<\/p>\n\n\n\n<p>Al llegar al lugar, personal policial constat\u00f3 un da\u00f1o en uno de los vidrios del establecimiento. El propietario, un hombre de 65 a\u00f1os, se present\u00f3 en el lugar y comunic\u00f3 que\u00a0<strong>faltaba el dinero de la caja registradora.<\/strong><\/p>\n\n\n\n<p><strong>Fuente: www.mendozapost.com<\/strong><\/p>\n","protected":false},"excerpt":{"rendered":"<p>En un operativo policial,\u00a0detuvieron a tres personas\u00a0vinculadas\u00a0al robo ocurrido en el caf\u00e9 &#8220;Bastante&#8221;, ubicado en la intersecci\u00f3n de Pedro Molina y Espa\u00f1a, de Ciudad de Mendoza.\u00a0 Seg\u00fan el informe de Seguridad, los detenidos son\u00a0dos hombres de 25 y 26 a\u00f1os, y una mujer de 29, todos en situaci\u00f3n de calle.\u00a0 Las detenciones se llevaron a [&hellip;]<\/p>\n","protected":false},"author":2,"featured_media":15303,"comment_status":"open","ping_status":"open","sticky":false,"template":"","format":"standard","meta":[],"categories":[48],"tags":[],"_links":{"self":[{"href":"https:\/\/pasaenmendoza.com\/index.php?rest_route=\/wp\/v2\/posts\/15302"}],"collection":[{"href":"https:\/\/pasaenmendoza.com\/index.php?rest_route=\/wp\/v2\/posts"}],"about":[{"href":"https:\/\/pasaenmendoza.com\/index.php?rest_route=\/wp\/v2\/types\/post"}],"author":[{"embeddable":true,"href":"https:\/\/pasaenmendoza.com\/index.php?rest_route=\/wp\/v2\/users\/2"}],"replies":[{"embeddable":true,"href":"https:\/\/pasaenmendoza.com\/index.php?rest_route=%2Fwp%2Fv2%2Fcomments&post=15302"}],"version-history":[{"count":1,"href":"https:\/\/pasaenmendoza.com\/index.php?rest_route=\/wp\/v2\/posts\/15302\/revisions"}],"predecessor-version":[{"id":15304,"href":"https:\/\/pasaenmendoza.com\/index.php?rest_route=\/wp\/v2\/posts\/15302\/revisions\/15304"}],"wp:featuredmedia":[{"embeddable":true,"href":"https:\/\/pasaenmendoza.com\/index.php?rest_route=\/wp\/v2\/media\/15303"}],"wp:attachment":[{"href":"https:\/\/pasaenmendoza.com\/index.php?rest_route=%2Fwp%2Fv2%2Fmedia&parent=15302"}],"wp:term":[{"taxonomy":"category","embeddable":true,"href":"https:\/\/pasaenmendoza.com\/index.php?rest_route=%2Fwp%2Fv2%2Fcategories&post=15302"},{"taxonomy":"post_tag","embeddable":true,"href":"https:\/\/pasaenmendoza.com\/index.php?rest_route=%2Fwp%2Fv2%2Ftags&post=15302"}],"curies":[{"name":"wp","href":"https:\/\/api.w.org\/{rel}","templated":true}]}}