{"id":15312,"date":"2025-10-20T23:13:41","date_gmt":"2025-10-20T21:13:41","guid":{"rendered":"https:\/\/pasaenmendoza.com\/?p=15312"},"modified":"2025-10-20T23:13:42","modified_gmt":"2025-10-20T21:13:42","slug":"montero-recibio-el-aval-del-bid-para-financiamiento-de-obras-y-tecnologia-en-el-area-de-salud","status":"publish","type":"post","link":"https:\/\/pasaenmendoza.com\/?p=15312","title":{"rendered":"Montero recibi\u00f3 el aval del BID para financiamiento de obras y tecnolog\u00eda en el \u00e1rea de salud"},"content":{"rendered":"\n<p><strong>Rodolfo Montero<\/strong>\u00a0present\u00f3 el Presupuesto 2026 del Ministerio de\u00a0<strong>Salud<\/strong>\u00a0en la Comisi\u00f3n de Hacienda y Presupuesto de las c\u00e1maras de senadores y diputados de la Legislatura. Durante la presentaci\u00f3n, revel\u00f3 que el Banco Interamericano de Desarrollo (<strong>BID<\/strong>) aprob\u00f3 el perfil del proyecto para el otorgamiento de un cr\u00e9dito de 85 millones de d\u00f3lares.<\/p>\n\n\n\n<p>\u201cYa se pueden empezar a realizar compras a cuenta de ese cr\u00e9dito\u201d, se\u00f1al\u00f3 el ministro&nbsp;<strong>Rodolfo Montero<\/strong>. El aval al proyecto se dio el viernes y con ello el puntapi\u00e9 inicial para ese inicio de ejecuci\u00f3n por financiaci\u00f3n retroactiva.<\/p>\n\n\n\n<p>El primer desembolso, en tanto, se espera para los primeros meses del a\u00f1o que viene. El objetivo del pr\u00e9stamo es la transformaci\u00f3n digital integral del sistema de\u00a0<strong>salud<\/strong>\u00a0provincial.<\/p>\n\n\n\n<p>Con ese dinero, seg\u00fan explicaron desde el Ministerio, se reforzar\u00e1&nbsp;<strong>hospitales<\/strong>, llevar\u00e1 telemedicina a todos los rincones y acortar\u00e1 distancias en la atenci\u00f3n sanitaria.<\/p>\n\n\n\n<h2 class=\"wp-block-heading\">Para qu\u00e9 usar\u00e1 Rodolfo Montero el cr\u00e9dito del BID<\/h2>\n\n\n\n<p>Seg\u00fan el propio Montero explic\u00f3 en la Legislatura provincial, cuando se aprob\u00f3 el proyecto, los 85 millones de d\u00f3lares que desembolse el BID ser\u00e1n distribuido estrat\u00e9gicamente dentro del sistema de salud:<\/p>\n\n\n\n<ul>\n<li>45% se destinar\u00e1 a infraestructura (cableado, equipos m\u00e9dicos y robotizaci\u00f3n)<\/li>\n\n\n\n<li>35%, a sistemas de informaci\u00f3n -incluyendo IA y portales ciudadanos-<\/li>\n\n\n\n<li>6%, a gesti\u00f3n de cambio<\/li>\n\n\n\n<li>11%, a interoperabilidad<\/li>\n<\/ul>\n\n\n\n<figure class=\"wp-block-image\"><img decoding=\"async\" src=\"https:\/\/media.diariouno.com.ar\/p\/44bef4501c64b6f4ada76a6d122b1ca2\/adjuntos\/298\/imagenes\/009\/644\/0009644051\/1200x0\/smart\/credito-del-bid-ministerio-salud-rodolfo-montero.png\" alt=\"\" title=\"\"\/><\/figure>\n\n\n\n<h2 class=\"wp-block-heading\">Salud representa el 22,4% del presupuesto total<\/h2>\n\n\n\n<p>El&nbsp;<strong>ministro de Salud<\/strong>&nbsp;se\u00f1al\u00f3 que la proyecci\u00f3n de inversi\u00f3n de la cartera para el a\u00f1o pr\u00f3ximo es de $1.222.445 millones. Ese monto estar\u00e1 repartido en tres ejes $816.711 millones para Salud, $396.000 millones para la&nbsp;<strong>OSEP<\/strong>&nbsp;y $9.734 millones para Deportes.<\/p>\n\n\n\n<p>El presupuesto de este Ministerio representa el 22,4% del total del Gobierno, expres\u00f3&nbsp;<strong>Montero<\/strong>.<\/p>\n\n\n\n<p>El ministro hizo un repaso de los resultados que generaron proyectos que se pusieron en marcha el \u00faltimo a\u00f1o como el&nbsp;<strong>Reforsal<\/strong>, los cambios en las residencias m\u00e9dicas o el fortalecimiento de la red de&nbsp;<strong>salud<\/strong>&nbsp;mental.<\/p>\n\n\n\n<p>\u201cEl aumento de la facturaci\u00f3n y recaudaci\u00f3n, que fue important\u00edsimo el a\u00f1o pasado -2025-, va a implicar mucha m\u00e1s recaudaci\u00f3n en los hospitales grandes, pero ser\u00e1 m\u00e1s significativo para los centros de salud y hospitales m\u00e1s chicos. El&nbsp;<strong>Reforsal<\/strong>&nbsp;les va a permitir tener recursos propios\u201d, indic\u00f3 Montero ante los legisladores.<\/p>\n\n\n\n<p>Respecto de las\u00a0<strong>obras<\/strong>\u00a0proyectadas y las ya iniciadas, destac\u00f3 la terapia cardiovascular del Notti, su nuevo centro ambulatorio de 12.000 m2, las obras en el hospital Lencina, el nuevo edificio de salud mental en General Alvear, la UDI del Arturo Illia en Las Paz, el proyecto del hospital Gailhac y el del hospital de Luj\u00e1n de Cuyo, cuyo decreto de adjudicaci\u00f3n se conocer\u00e1 esta semana.<\/p>\n\n\n\n<p>\u201cHay m\u00e1s obras que no est\u00e1n dentro de este\u00a0<strong>presupuesto<\/strong>, pero son clave como el\u00a0Centro de Anatom\u00eda Patol\u00f3gica que har\u00e1 la Fuesmen\u201d, agreg\u00f3 Montero, quien tambi\u00e9n se refiri\u00f3 al nuevo Centro de Di\u00e1lisis, cuya obra estar\u00e1 terminada en enero del 2026.<\/p>\n\n\n\n<p>\u201cTenemos 600 pacientes en di\u00e1lisis, pero la atenci\u00f3n est\u00e1 canalizada a trav\u00e9s de la asociaci\u00f3n de di\u00e1lisis, es decir que todos los prestadores son privados. Este centro, en el que habr\u00e1 40 puestos, permitir\u00e1 que nunca los pacientes se queden sin servicio\u201d, indic\u00f3&nbsp;<strong>Rodolfo Montero<\/strong>.<\/p>\n\n\n\n<h2 class=\"wp-block-heading\">M\u00e1s residentes y m\u00e9dicos en Mendoza<\/h2>\n\n\n\n<p>\u201cHemos duplicado la cantidad de residentes y las<strong>&nbsp;residencias m\u00e9dicas<\/strong>. En t\u00e9rminos de trascendencia, en dos o tres a\u00f1os tendremos el doble de m\u00e9dicos\u201d, se\u00f1al\u00f3 el ministro Rodolfo Montero ante los legisladores.<\/p>\n\n\n\n<figure class=\"wp-block-image\"><img decoding=\"async\" src=\"https:\/\/media.diariouno.com.ar\/p\/9d91064b4aaef64a4746d417a2f1268b\/adjuntos\/298\/imagenes\/009\/644\/0009644050\/1200x0\/smart\/residencias-medicas-presupuesto-salud-2026.png\" alt=\"El informe que present\u00f3 Rodolfo Montero sobre residencias y plazas m\u00e9dicas en la Legislatura.\" title=\"El informe que present\u00f3 Rodolfo Montero sobre residencias y plazas m\u00e9dicas en la Legislatura.\"\/><\/figure>\n\n\n\n<p>El informe que present\u00f3 Rodolfo Montero sobre residencias y plazas m\u00e9dicas en la Legislatura.<\/p>\n\n\n\n<h2 class=\"wp-block-heading\">El presupuesto de la OSEP<\/h2>\n\n\n\n<p>Carlos Funes acompa\u00f1\u00f3 al ministro&nbsp;<strong>Rodolfo Montero<\/strong>&nbsp;en la Legislatura. El director de OSEP explic\u00f3 que su&nbsp;<strong>Presupuesto 2026<\/strong>&nbsp;\u201ces un paquete armado de aportes y contribuciones\u201d y que se trabaja en funci\u00f3n de la proyecci\u00f3n de ingresos.<\/p>\n\n\n\n<p>Para el a\u00f1o que viene, lo proyectado son $396.000 millones: \u201cLos\u00a0<strong>afiliados activos<\/strong>\u00a0hacen el mayor aporte; aunque tambi\u00e9n dependemos de los sueldos de los jubilados porque representan el 19,2% y esos haberes no son lo mejor\u201d.<\/p>\n\n\n\n<p><strong>Fuente: www.diariouno.com.ar<\/strong><\/p>\n","protected":false},"excerpt":{"rendered":"<p>Rodolfo Montero\u00a0present\u00f3 el Presupuesto 2026 del Ministerio de\u00a0Salud\u00a0en la Comisi\u00f3n de Hacienda y Presupuesto de las c\u00e1maras de senadores y diputados de la Legislatura. Durante la presentaci\u00f3n, revel\u00f3 que el Banco Interamericano de Desarrollo (BID) aprob\u00f3 el perfil del proyecto para el otorgamiento de un cr\u00e9dito de 85 millones de d\u00f3lares. \u201cYa se pueden empezar [&hellip;]<\/p>\n","protected":false},"author":2,"featured_media":15313,"comment_status":"open","ping_status":"open","sticky":false,"template":"","format":"standard","meta":[],"categories":[58],"tags":[],"_links":{"self":[{"href":"https:\/\/pasaenmendoza.com\/index.php?rest_route=\/wp\/v2\/posts\/15312"}],"collection":[{"href":"https:\/\/pasaenmendoza.com\/index.php?rest_route=\/wp\/v2\/posts"}],"about":[{"href":"https:\/\/pasaenmendoza.com\/index.php?rest_route=\/wp\/v2\/types\/post"}],"author":[{"embeddable":true,"href":"https:\/\/pasaenmendoza.com\/index.php?rest_route=\/wp\/v2\/users\/2"}],"replies":[{"embeddable":true,"href":"https:\/\/pasaenmendoza.com\/index.php?rest_route=%2Fwp%2Fv2%2Fcomments&post=15312"}],"version-history":[{"count":1,"href":"https:\/\/pasaenmendoza.com\/index.php?rest_route=\/wp\/v2\/posts\/15312\/revisions"}],"predecessor-version":[{"id":15314,"href":"https:\/\/pasaenmendoza.com\/index.php?rest_route=\/wp\/v2\/posts\/15312\/revisions\/15314"}],"wp:featuredmedia":[{"embeddable":true,"href":"https:\/\/pasaenmendoza.com\/index.php?rest_route=\/wp\/v2\/media\/15313"}],"wp:attachment":[{"href":"https:\/\/pasaenmendoza.com\/index.php?rest_route=%2Fwp%2Fv2%2Fmedia&parent=15312"}],"wp:term":[{"taxonomy":"category","embeddable":true,"href":"https:\/\/pasaenmendoza.com\/index.php?rest_route=%2Fwp%2Fv2%2Fcategories&post=15312"},{"taxonomy":"post_tag","embeddable":true,"href":"https:\/\/pasaenmendoza.com\/index.php?rest_route=%2Fwp%2Fv2%2Ftags&post=15312"}],"curies":[{"name":"wp","href":"https:\/\/api.w.org\/{rel}","templated":true}]}}